{"id":761,"date":"2025-02-16T00:12:41","date_gmt":"2025-02-15T23:12:41","guid":{"rendered":"https:\/\/blog.icwt.hu\/ctl-paris\/?p=761"},"modified":"2025-02-16T00:12:55","modified_gmt":"2025-02-15T23:12:55","slug":"maison-douce-michel","status":"publish","type":"post","link":"https:\/\/blog.icwt.hu\/ctl-paris\/2025\/02\/16\/maison-douce-michel\/","title":{"rendered":"Maison douce \u2013 Michel"},"content":{"rendered":"<p>Michel otthona egys\u00e9gesebb k\u00e9pet mutat.<\/p>\n<p>Minden helyis\u00e9g ugyanarra a halv\u00e1nyz\u00f6ld sz\u00ednre van festve, a plafon feh\u00e9r, a padl\u00f3 lamin\u00e1lt s\u00f6t\u00e9tbarna vagy hasonl\u00f3 \u00e1rnyalat\u00fa k\u0151lap. A f\u00fcgg\u00f6ny\u00f6k halv\u00e1ny-, a s\u00f6t\u00e9t\u00edt\u0151k s\u00f6t\u00e9tsz\u00fcrk\u00e9k.<\/p>\n<p>A lak\u00e1sba bel\u00e9pve jobb k\u00e9z fel\u00e9, az ablak el\u0151tt nagy asztal, rajta h\u00e1rom monitor, kever\u0151pult, hangm\u00e9rn\u00f6k felszerel\u00e9s, egy HP laptop. Mellette a sarokban k\u00e9t nagy Wharfedale hangsz\u00f3r\u00f3, k\u00f6z\u00f6tt\u00fck szint\u00e9n azonos m\u00e1rk\u00e1j\u00fa hi-fi torony \u00e9s m\u00e9lynyom\u00f3. El\u0151tte egy skandin\u00e1v nyersfa fotel, sz\u00fcrke bet\u00e9ttel \u00e9s p\u00e1rn\u00e1kkal. A konyha egyben van a nappalival, a konyhab\u00fator szint\u00e9n vil\u00e1gosbarna fabor\u00edt\u00e1s\u00fa. A konyhapult hossz\u00edtott, h\u00e1rom b\u00e1rsz\u00e9kkel, \u00e9tkez\u0151asztal nincs. A pulton a falhoz k\u00f6zel, \u00e1rny\u00e9kban \u00e1ll egy lassan forg\u00f3 elektromos \u00e1llv\u00e1nyon fejjel lefel\u00e9 egy \u00fcveg 1947-es Louis Roederer Cristal Brut pezsg\u0151. Ezen k\u00edv\u00fcl nincsen l\u00e1that\u00f3 elektromos konyhai eszk\u00f6z, sem mikr\u00f3, sem egy\u00e9b.<\/p>\n<p>A szoba k\u00f6zep\u00e9n doh\u00e1nyz\u00f3asztalk\u00e9nt egy r\u00e9gi, kopott tenger\u00e9szl\u00e1da szolg\u00e1l, mellette k\u00e9t nagyobb fonott, kerek puff. Az ajt\u00f3t\u00f3l balra es\u0151 falat teljes eg\u00e9sz\u00e9ben elfoglalja egy nyersfa k\u00f6nyvespolc, rajta bakelit lemezek felismerhet\u0151 rendszer n\u00e9lk\u00fcl.<\/p>\n<p>A bej\u00e1rati ajt\u00f3 belsej\u00e9n kalligr\u00e1f g\u00f3t bet\u0171kkel fel\u00edrat: &#8222;Si Dieu ouvre une Porte dans cette maison, je briserai sa fen\u00eatre avec une pierre. Peut-\u00eatre deux\u2026&#8221;<\/p>\n<p>A nappalib\u00f3l ny\u00edl\u00f3 kis beugr\u00f3b\u00f3l szint\u00e9n n\u00e9gy ajt\u00f3 ny\u00edlik. Bal k\u00e9z fel\u00e9 akaszt\u00f3s-polcos gardr\u00f3b, benne rendezetten nadr\u00e1gok, pul\u00f3verek, kab\u00e1tok. T\u00f6bb sport- \u00e9s t\u00faracip\u0151, bakancs. H\u00e1tizs\u00e1kok mellett k\u00e9t h\u00e1l\u00f3zs\u00e1k, hegym\u00e1sz\u00f3 k\u00f6telek \u00e9s felszerel\u00e9s, kemping g\u00e1zt\u0171zhely. Jobb k\u00e9z fel\u00e9 kis kamra, benne a villany\u00f3r\u00e1n k\u00edv\u00fcl szinte der\u00e9kt\u00f3l-plafonig polcokon konzervek, \u00fcvegekben rizs, t\u00e9szta \u00e9s egy\u00e9b sz\u00e1raz\u00e1ruk. A f\u00f6ld\u00f6n 3-4 szersz\u00e1mosl\u00e1da, mindegyiken vir\u00edt\u00f3 BOSCH fel\u00edrattal.<\/p>\n<p>A jobb k\u00e9z fel\u00e9 ny\u00edl\u00f3 h\u00e1l\u00f3szob\u00e1ban egy fakeretes k\u00e9tszem\u00e9lyes \u00e1gy, s\u00f6t\u00e9tk\u00e9k selyem \u00e1gynem\u0171vel. Balra fa kom\u00f3d, rajta egy kis k\u00e9perny\u0151s sz\u00ednest\u00e9v\u00e9, felette k\u00e9t kis k\u00f6nyvespolc vegyes k\u00f6nyvekkel. Jobbra a be\u00e9p\u00edtett szekr\u00e9nyben felakasztva p\u00f3l\u00f3k \u00e9s ingek, a polcok t\u00f6bbs\u00e9g\u00e9n elektrotechnikai eszk\u00f6z\u00f6k, m\u0171szerek \u00e9s bark\u00e1csfelszerel\u00e9s. Az als\u00f3 polcon egy karton Zippo benzin, n\u00e9gy palack petr\u00f3leum, egy petr\u00f3leum- \u00e9s egy g\u00e1zos vharl\u00e1mpa.<\/p>\n<p>A f\u00fcrd\u0151szoba nagyj\u00e1b\u00f3l rendezett, hab\u00e1r a szekr\u00e9nyekben szolid k\u00e1osz uralkodik, lej\u00e1rt \u00e9s majdnem \u00fcres dobozokkal \u00e9s \u00fcvegekkel. J\u00f3l l\u00e1that\u00f3, hogy Michel ezen a t\u00e9ren nem ismeri a m\u00e1rkah\u0171s\u00e9get. A f\u00fcrd\u0151szobaajt\u00f3 bels\u0151 oldal\u00e1n egy \u00e9letnagys\u00e1g\u00fa, eg\u00e9szalakos Miranda Kerr l\u00e1that\u00f3, valamit takar\u00f3 feh\u00e9rnem\u0171ben.<\/p>\n<p>Egy\u00e9b \u00e9rdekess\u00e9gek:<\/p>\n<ul>\n<li>a szem\u00e9lyi, jogos\u00edtv\u00e1ny \u00e9s egy\u00e9b irat Michel D. Arnaud n\u00e9vre sz\u00f3l<\/li>\n<li>a bankk\u00e1rtya Soci\u00e9t\u00e9 G\u00e9n\u00e9rale \u2013 2005.05.08. egyenleg: 4.657,87 EUR<\/li>\n<li>nincsenek DVD vagy vide\u00f3filmek, a h\u00e1l\u00f3szob\u00e1ban l\u00e1that\u00f3 egy vide\u00f3magn\u00f3 helye a TV alatt<\/li>\n<li>a h\u00e1l\u00f3szobai kom\u00f3d legals\u00f3 fi\u00f3kj\u00e1ban t\u00f6bb fixpeng\u00e9s \u00e9s folder k\u00e9s is van, \u00f6mlesztve, valamint legal\u00e1bb k\u00e9t tucat k\u00fcl\u00f6nb\u00f6z\u0151 gy\u00e1rtm\u00e1ny\u00fa multitool<\/li>\n<li>Michel mint\u00e1s p\u00f3l\u00f3in \u00e9s kapucnis pulcsijain csupa olyan csapat van, akikr\u0151l soha nem hallott senki: South Carolina Stingrays, Rio Grande Valley Vipers, Albuquerque Isotopes\u2026<\/li>\n<li>a fagyaszt\u00f3ban egy csomag csirkemell \u00e9s egy csomag sert\u00e9skaraj k\u00f6z\u00f6tt egy zacsk\u00f3 p\u00e9nz is tal\u00e1lhat\u00f3 &#8211; pontosan 5.000 euro h\u00faszas c\u00edmletekben<\/li>\n<li>a mosogat\u00f3 alatt egy karton bontatlan orosz vodka \u00e9s m\u00f6g\u00f6tte egy f\u00e9lprofi ment\u0151sl\u00e1da<\/li>\n<li>a k\u00f6nyvespolcon a Karl Marx: Das Kapital (ex libris Barbara Martinez) kiv\u00e1gott belsej\u00e9ben 3.000 doll\u00e1r tal\u00e1lhat\u00f3, szint\u00e9n h\u00faszas c\u00edmletekben, Tolstoy: La Guerre et la Paix pedig egy GLOCK \u00e9s egy plusz t\u00e1r otthona<\/li>\n<li>Michel telefonja egy sz\u00fcrke Nokia 3310<\/li>\n<li>a kertben \u00e1ll m\u00e9g egy fekete Range Rover (1998), amihez Michelnek van forgalmija \u00e9s kulcsa<\/li>\n<li>a lak\u00e1sban nincs S\u00f6v\u00e9ny-kapu<\/li>\n<\/ul>\n<p>K\u00e9rd\u00e9s, hogy Michel mennyire \u00e9rzi mag\u00e1t otthonosan mindezek k\u00f6z\u00f6tt \u00e9s mit nem \u00e9rez mag\u00e1\u00e9nak?<\/p>\n","protected":false},"excerpt":{"rendered":"<p>Michel otthona egys\u00e9gesebb k\u00e9pet mutat. Minden helyis\u00e9g ugyanarra a halv\u00e1nyz\u00f6ld sz\u00ednre van festve, a plafon feh\u00e9r, a padl\u00f3 lamin\u00e1lt s\u00f6t\u00e9tbarna vagy hasonl\u00f3 \u00e1rnyalat\u00fa k\u0151lap. A f\u00fcgg\u00f6ny\u00f6k halv\u00e1ny-, a s\u00f6t\u00e9t\u00edt\u0151k s\u00f6t\u00e9tsz\u00fcrk\u00e9k. A lak\u00e1sba bel\u00e9pve jobb k\u00e9z fel\u00e9, az ablak el\u0151tt nagy asztal, rajta h\u00e1rom monitor, kever\u0151pult, hangm\u00e9rn\u00f6k felszerel\u00e9s, egy HP laptop. Mellette a sarokban k\u00e9t nagy [&hellip;]<\/p>\n","protected":false},"author":2,"featured_media":0,"comment_status":"open","ping_status":"open","sticky":false,"template":"","format":"standard","meta":{"footnotes":""},"categories":[1],"tags":[25],"class_list":["post-761","post","type-post","status-publish","format-standard","hentry","category-autre","tag-michel"],"_links":{"self":[{"href":"https:\/\/blog.icwt.hu\/ctl-paris\/wp-json\/wp\/v2\/posts\/761","targetHints":{"allow":["GET"]}}],"collection":[{"href":"https:\/\/blog.icwt.hu\/ctl-paris\/wp-json\/wp\/v2\/posts"}],"about":[{"href":"https:\/\/blog.icwt.hu\/ctl-paris\/wp-json\/wp\/v2\/types\/post"}],"author":[{"embeddable":true,"href":"https:\/\/blog.icwt.hu\/ctl-paris\/wp-json\/wp\/v2\/users\/2"}],"replies":[{"embeddable":true,"href":"https:\/\/blog.icwt.hu\/ctl-paris\/wp-json\/wp\/v2\/comments?post=761"}],"version-history":[{"count":1,"href":"https:\/\/blog.icwt.hu\/ctl-paris\/wp-json\/wp\/v2\/posts\/761\/revisions"}],"predecessor-version":[{"id":762,"href":"https:\/\/blog.icwt.hu\/ctl-paris\/wp-json\/wp\/v2\/posts\/761\/revisions\/762"}],"wp:attachment":[{"href":"https:\/\/blog.icwt.hu\/ctl-paris\/wp-json\/wp\/v2\/media?parent=761"}],"wp:term":[{"taxonomy":"category","embeddable":true,"href":"https:\/\/blog.icwt.hu\/ctl-paris\/wp-json\/wp\/v2\/categories?post=761"},{"taxonomy":"post_tag","embeddable":true,"href":"https:\/\/blog.icwt.hu\/ctl-paris\/wp-json\/wp\/v2\/tags?post=761"}],"curies":[{"name":"wp","href":"https:\/\/api.w.org\/{rel}","templated":true}]}}