{"id":713,"date":"2022-04-11T21:27:17","date_gmt":"2022-04-11T20:27:17","guid":{"rendered":"https:\/\/blog.icwt.hu\/ctl-paris\/?p=713"},"modified":"2022-04-11T21:27:17","modified_gmt":"2022-04-11T20:27:17","slug":"barbara-blogja","status":"publish","type":"post","link":"https:\/\/blog.icwt.hu\/ctl-paris\/2022\/04\/11\/barbara-blogja\/","title":{"rendered":"Barbara blogja"},"content":{"rendered":"<p>Az \u00f6nreflexi\u00f3t nem tartottam soha a tulajdons\u00e1gaim k\u00f6z\u00f6tt sz\u00e1mon \u2013 nem mintha fogalmam lenne ezekr\u0151l a tulajdons\u00e1gaimr\u00f3l, de viszonylag nehezen hallom a saj\u00e1t sz\u00e1mb\u00f3l azokat a mondatokat, hogy mennyire ismerem a bels\u0151 gondolatfolyamaimat, vagy, hogy\u2026 hogy a csokis croissont finomabb pizz\u00e1s n\u00e9lk\u00fcl.<br \/>\nNa, sz\u00f3val, hagyjuk a hossz\u00fa mondatokat a b\u00f6lcs\u00e9szekre.<\/p>\n<p>A ma d\u00e9lel\u0151tt egy szol\u00edd m\u00e1snap eleganci\u00e1j\u00e1val l\u00fcktetett v\u00e9gig a fejemben, \u00e9s szembes\u00edtett vele, hogy:<br \/>\n1. Sz\u00f6rny\u0171 \u00e9s \u00e9rthetetlen dolgokat tudtam meg, amik nem is zavarnak annyirta, mint&#8230; kellene?<br \/>\n2. Vannak, akik agg\u00f3dnak \u00e9rtem, ami meg eml\u00e9keztet emberekre, akikre alig<br \/>\n3. Nem tudom, hogy mit jelentenek a szavak, amiket mondok, \u00e9s milyen gondolat.. \u00e9rz\u00e9sekre \u00e9p\u00fclnek r\u00e1.<\/p>\n<p>Ez most h\u00fcly\u00e9n hangzik. Tudom, hogy \u00e9reznem kell magamat valahogy. L\u00e1sd: sz\u00f6rny\u0171 dolgok. De, amint megpr\u00f3b\u00e1lom beazonos\u00edtani \u0151ket, akkor j\u00f6n a a hossz\u00fa s\u00edpol\u00e1s a f\u00fclemben, \u00e9s csak azt tudom, hogy ha \u00e9hes vagyok, mit szeretn\u00e9k enni, hogy mennyire megnyugtat\u00f3 az alkohol, vagy ak\u00e1r a dobh\u00e1rty\u00e1mon l\u00fcktet\u0151 sz\u00edvdobog\u00e1s \u00e9s az izgatott f\u00e9lelem, hogy elkapnak-e.<\/p>\n<p>Halott emberek h\u00e1z\u00e1ban lakom. Olvasom a felirataikat, felt\u00f6r\u00f6m a g\u00e9peiket \u00e9s pr\u00f3b\u00e1lom k\u00f6vetni a nyomoz\u00e1sukat. L\u00e1tom a f\u00e9nyk\u00e9peket a csal\u00e1djukr\u00f3l. Eml\u00e9kszem arra, hogy \u00e9n is voltam \u0151k? Ha \u00e9n kev\u00e9sb\u00e9, csak villan\u00e1sokra, a testem \u00e9s a szavaim igen.<br \/>\nM\u00e1s k\u00e9z\u00edr\u00e1s, m\u00e1s ember. \u00c9s a r\u00e9giek m\u00e1r nem j\u00f6nnek vissza. Ketten bel\u00e9molvadtak, jelentsen ez b\u00e1rmit, a m\u00e1sik meg fetch volt. Az \u0151 sztorij\u00e1nak ott v\u00e9ge.<\/p>\n<p>Hidegen hagy, hogy Cs\u00fanya Gonosz Embert lop meg a Belga \/ Rend. Nem \u00e9rtem, hogy mi\u00e9rt kock\u00e1ztat. A Rend. Azt \u00e9rtem, hogy mi\u00e9rt nekock\u00e1ztatni? Azt is \u00e9rtem, amikor Abira d\u00fch\u00f6s lesz mellettem, akkor kicsit \u00e9n is. Franky m\u00e9rg\u00e9n nevetek, mert tudom, hogy sz\u00fcrre\u00e1lis ilyesmit mondani, de m\u00e1sik oldalr\u00f3l meg\u2026 h\u00e1t nyilv\u00e1n. Nyilv\u00e1n hat\u00e9kony. Azt\u00e1n Michelre n\u00e9zek, \u00e9s eszembe jut, hogy \u0151 a lelkiismeret, \u00e9s akkor valakinek a fej\u00e9ben ezek a dolgok nem annyira ok\u00e9sek.<\/p>\n<p>Valami hang azt mondja a fejemben, hogy cs\u00fanya, gonosz dolog vissza\u00e9lni a vend\u00e9gfogad\u00e1ssal. Vagy csak nem akarom Davidot megb\u00e1ntani? Adi kedvelte? Nem akad\u00e1lyozna meg ez a gondolat, de att\u00f3l m\u00e9g eszembe jut, \u00e9s nem tudom hova tenni az \u00e9rz\u00e9st, ami azt dikt\u00e1lja, hogy ne nagyon szarjak a vend\u00e9gl\u00e1t\u00f3k h\u00e1z\u00e1ba.<\/p>\n<p>Imposztor vagyok a saj\u00e1t testemben. Adik\u00e9nt ismernek fel \u00e9s reg\u00e1lnak r\u00e1m, de\u2026 \u00e9n nem \u0151 vagyok. Ilyen lehet Fetchnek lenni? Biztos nem vagyok fetch?<\/p>\n<p>Azt tudom, hogy akci\u00f3zni, \u00e9s csin\u00e1lni dolgokat j\u00f3 dolog. Hogy agyalni \u00e9s \u00f6tletelni j\u00f3 dolog.<br \/>\nMeg azt is, hogy nem szeretek agg\u00f3dni m\u00e1s\u00e9rt. Az rossz \u00e9rz\u00e9s, a gyomrom k\u00f6rny\u00e9k\u00e9n. Irracion\u00e1lis. Felesleges. Nem seg\u00edt semmin. Att\u00f3l m\u00e9g ott van. Nem tudom, mi\u00e9rt agg\u00f3dom a Belg\u00e1\u00e9rt, amikor val\u00f3ban trivi\u00e1lis az, amit tervez. H\u00fclyes\u00e9g. Mi\u00f3ta figyelek m\u00e1sokra?! Semmi \u00e9rtelme.<\/p>\n<p>De lehet, hogy nem agg\u00f3dom, csak hirtelen \u00e9rdekes lett az, hogy vajon mi t\u00f6rt\u00e9nt vele, ami miatt seg\u00edts\u00e9get k\u00e9r ilyesmi\u00e9rt. T\u00e9nyleg kell neki m\u00e1s hallgat\u00f3s\u00e1gnak? \u00d6tleteknek? Dolgok vannak vele is, amikr\u0151l fogalmam sincsen, \u00e9s az az \u00e9rz\u00e9sem, hogy besz\u00e9lni akar r\u00f3luk.<br \/>\nAzt se tudom, hogy \u201cmilyen szinten van a kapcsolatunk\u201d, mert elk\u00e9pzel\u00e9sem sincsen arr\u00f3l, hogy mik az opci\u00f3k. Mik kellen\u00e9nek, hogy legyenek, n\u00e1lunk elraboltakn\u00e1l? (Ne gondolj r\u00e1, hogy a halott emberek a fejedben se tudt\u00e1k.)<br \/>\nSz\u00f3rakoztat\u00f3 volt \u00fagy tenni a m\u00faltkor, mintha egy cuki p\u00e1r lenn\u00e9nk moziba men\u00e9ssel meg minden, de \u00e9n egy zs\u00e1k nedves homok vagyok, neki meg ki tudja, hogy mi az igazi arca. Nekem halott eml\u00e9kek vannak a fejembe, neki meg\u2026 nem tudom.<\/p>\n<p>Vajon rend\u0151r Barbar\u00e1nak volt pasija? Vagy n\u0151je? Adinak volt, azt tudom, de nem vagyok benne biztos, hogy valaha hajland\u00f3 lett volna p\u00e1rkapcsolatk\u00e9nt gondolkodni, elk\u00f6telez\u0151d\u00e9ssel, amit mondani szoktak. Mintha a gyomrom viszketne bel\u00fclr\u0151l.<\/p>\n<p>Mondjuk m\u00e9g az is lehet, hogy Tenerif\u00e9n is be kell t\u00f6rni valakihez. Meglep\u0151dn\u00e9k, ha nem lenne semmi csavar a sztoriban.<\/p>\n<p>Most komolyan az r\u00e1ntotta \u00f6ssze a sz\u00e9tszalad\u00f3 gondolataimat b\u00e1rmilyen kezelhet\u0151 k\u00f6tegg\u00e9, hogy a fick\u00f3 seg\u00edts\u00e9get k\u00e9rt? T\u00f6bb teljes \u00f3r\u00e1n \u00e1t k\u00e9pes voltam eml\u00e9kezni ezekre a dolgokra.<\/p>\n","protected":false},"excerpt":{"rendered":"<p>Az \u00f6nreflexi\u00f3t nem tartottam soha a tulajdons\u00e1gaim k\u00f6z\u00f6tt sz\u00e1mon \u2013 nem mintha fogalmam lenne ezekr\u0151l a tulajdons\u00e1gaimr\u00f3l, de viszonylag nehezen hallom a saj\u00e1t sz\u00e1mb\u00f3l azokat a mondatokat, hogy mennyire ismerem a bels\u0151 gondolatfolyamaimat, vagy, hogy\u2026 hogy a csokis croissont finomabb pizz\u00e1s n\u00e9lk\u00fcl. Na, sz\u00f3val, hagyjuk a hossz\u00fa mondatokat a b\u00f6lcs\u00e9szekre. A ma d\u00e9lel\u0151tt egy szol\u00edd [&hellip;]<\/p>\n","protected":false},"author":5,"featured_media":0,"comment_status":"open","ping_status":"open","sticky":false,"template":"","format":"standard","meta":{"footnotes":""},"categories":[7,14,8,10],"tags":[26,23],"class_list":["post-713","post","type-post","status-publish","format-standard","hentry","category-am","category-changelin","category-changelins","category-cdt","tag-barbara","tag-blog"],"_links":{"self":[{"href":"https:\/\/blog.icwt.hu\/ctl-paris\/wp-json\/wp\/v2\/posts\/713","targetHints":{"allow":["GET"]}}],"collection":[{"href":"https:\/\/blog.icwt.hu\/ctl-paris\/wp-json\/wp\/v2\/posts"}],"about":[{"href":"https:\/\/blog.icwt.hu\/ctl-paris\/wp-json\/wp\/v2\/types\/post"}],"author":[{"embeddable":true,"href":"https:\/\/blog.icwt.hu\/ctl-paris\/wp-json\/wp\/v2\/users\/5"}],"replies":[{"embeddable":true,"href":"https:\/\/blog.icwt.hu\/ctl-paris\/wp-json\/wp\/v2\/comments?post=713"}],"version-history":[{"count":0,"href":"https:\/\/blog.icwt.hu\/ctl-paris\/wp-json\/wp\/v2\/posts\/713\/revisions"}],"wp:attachment":[{"href":"https:\/\/blog.icwt.hu\/ctl-paris\/wp-json\/wp\/v2\/media?parent=713"}],"wp:term":[{"taxonomy":"category","embeddable":true,"href":"https:\/\/blog.icwt.hu\/ctl-paris\/wp-json\/wp\/v2\/categories?post=713"},{"taxonomy":"post_tag","embeddable":true,"href":"https:\/\/blog.icwt.hu\/ctl-paris\/wp-json\/wp\/v2\/tags?post=713"}],"curies":[{"name":"wp","href":"https:\/\/api.w.org\/{rel}","templated":true}]}}