{"id":703,"date":"2021-12-24T14:17:41","date_gmt":"2021-12-24T13:17:41","guid":{"rendered":"https:\/\/blog.icwt.hu\/ctl-paris\/?p=703"},"modified":"2021-12-24T14:18:42","modified_gmt":"2021-12-24T13:18:42","slug":"2005-09-frontline-dreamland","status":"publish","type":"post","link":"https:\/\/blog.icwt.hu\/ctl-paris\/2021\/12\/24\/2005-09-frontline-dreamland\/","title":{"rendered":"2005\/09 &#8211; Frontline: Dreamland"},"content":{"rendered":"\r\n<p>Az\u00e9rt van abban valami ironikus, hogy a legracion\u00e1lisabb tag a csapatb\u00f3l \u2013 Franky \u2013 k\u00fczd a legink\u00e1bb az \u00e1lmaival. (Eddig.) Sz\u00f3val Franky nem \u00e1ll\u00edtgatja sok\u00e1ig a labd\u00e1t, r\u00e1k\u00fcldi er\u0151b\u0151l, \u00e9s ez igen gyakran be is v\u00e1lik. El\u00e9g sok lehet\u0151s\u00e9g elf\u00e9r a fej\u00e9ben, \u00e9s r\u00f6vid id\u0151 ut\u00e1n tud d\u00f6nt\u00e9st hozni. Ha nem j\u00f6n be, nem j\u00f6n be, ez benne van. De a kim\u00e9ra kin\u00e9zete ellen\u00e9re \u0151 az egyik, hm, legj\u00f3zanabb egyed a brig\u00e1dban.<\/p>\r\n<p>Ez\u00e9rt is volt n\u00e9mik\u00e9pp meglep\u0151, amikor a koncert ut\u00e1n jelentkezett, hogy gond van. N\u00e1la ez ink\u00e1bb \u00fagy szokott kin\u00e9zni, hogy gond volt, de m\u00e1r nincs. Komolyan is vett\u00fck a probl\u00e9m\u00e1t. Sz\u00f3val az volt, hogy \u0151 lel\u00e9pett kor\u00e1bban a koncertr\u0151l, amikor is \u00e1lmot l\u00e1tott \u2013 m\u00e1rmint nem azt a fajt\u00e1t, amikor j\u00f6n egy nemeuklideszi rettenet, \u00e9s k\u00f6zli, hogy vall\u00e1salap\u00edt\u00f3nak fog \u00e9letet adni, hanem azt a fajt\u00e1t, amikor j\u00f6n egy iguanatest\u0171, mad\u00e1rsz\u00e1rny\u00fa, csivavafej\u0171 seggdugasz, \u00e9s k\u00f6zli, hogy vissza fogja vinni a Mesterhez.<br \/><br \/>Ez nem kev\u00e9sb\u00e9 bizarr, mint egy v\u00e9letlenszer\u0171en kiv\u00e1lasztott bibliai menyecske r\u00e1csod\u00e1lkoz\u00e1sa az \u00dar \u00fatjaira, de m\u00e9gis kezelhet\u0151bb.<\/p>\r\n<p>Null\u00e1ska kiszagolta a jelenl\u00e9t\u00e9t, \u00e9s hosszasan ecsetelte, hogy vissza fogja vinni k\u00f6z\u00f6s teremt\u0151j\u00fcknek, a Mesternek, \u00e9s az majd milyen j\u00f3 lesz. Franky hosszasan cip\u0151zte a nyomorultat. Az\u00e9rt k\u00f6zben csak elmondta a kis rohad\u00e9k, hogy az a figura (tigrisfej, hisztis attit\u0171d), akit a Hotel Intercontintal alagsor\u00e1ban \u2013 meg egy k\u00e9s\u0151bbi val\u00f3s\u00e1gvonalon otthon \u2013 l\u00e1tott a t\u00fck\u00f6rben, az Egyes, aki a Mester egy\u00e9b teremtm\u00e9nyeit vad\u00e1ssza. Kettest \u00e9s N\u00e9gyest megtal\u00e1lta, \u00e9s \u00e1ll\u00edt\u00f3lag nem j\u00e1rtak j\u00f3l. A H\u00e1rmas Franky. \u00d6t\u00f6s elt\u0171nt, nincs nyoma. Az volt a szerencse, hogy Franky is \u00e9rt valamennyire az \u00e1lmok kontroll\u00e1l\u00e1s\u00e1hoz (k\u00e1b\u00e9 annyira, mint \u00e9n), \u00edgy ebben az \u00f6sszeugr\u00e1sban nem maradt alul. Viszont az \u00e1lomvil\u00e1g \u00e1thall\u00e1sa a mi val\u00f3s\u00e1gunkba azzal a mell\u00e9khat\u00e1ssal j\u00e1rt, hogy Franky lez\u00fazta a szob\u00e1j\u00e1t.<br \/><br \/>Ideje volt eszkal\u00e1lni a probl\u00e9m\u00e1t. Franky kiv\u00e1lasztotta Avrilt, hogy jelezze, hogy gond van, aki m\u00e1r csak alkoholpermet-\u00fczemmel m\u0171k\u00f6d\u00f6tt, ez\u00e9rt \u0151 tov\u00e1bb eszkal\u00e1lta a probl\u00e9m\u00e1t, \u00e9s az egyetlen komoly fejest, Pariszt \u00e9bresztette fel. A boldogs\u00e1got tapintani lehetett, de \u00e9rtett\u00e9k, hogy nagy a gond. Levonultunk egy biztons\u00e1gos szob\u00e1ba, ami r\u00e1n\u00e9z\u00e9sre annyiba ker\u00fclt, mint egy loftlak\u00e1s a napf\u00e9nyes P\u00e1rizsban, f\u00e9lm\u00e9teres-m\u00e9teres vastags\u00e1g\u00fa ajt\u00f3val, l\u00e9gkeringet\u0151vel, meg minden olyasmivel, ami egy apokalipszis-bunkerben sz\u00e9riatartoz\u00e9k. Itt l\u00e9ptettek \u00e1t minket Franky \u00e1lm\u00e1ba, ahol meg is jelent r\u00f6gt\u00f6n a Null\u00e1s Vakarcs. H\u00e1rman-n\u00e9gyen szurk\u00e1ltuk, de att\u00f3l Avril \u00f3va intett, hogy nagyon k\u00f6zel menj\u00fcnk hozz\u00e1, vagy net\u00e1n bemenj\u00fcnk abba az \u00e1lombeli folyos\u00f3ba, ahol tart\u00f3zkodott. Avril szerint ak\u00e1rmilyen r\u00f6hejesen n\u00e9zett ki a kis gy\u00edk, a saj\u00e1t \u00e1lm\u00e1ban \u00f6sszecsomagol minket k\u00fcl\u00f6n\u00f6sebb er\u0151fesz\u00edt\u00e9s n\u00e9lk\u00fcl. Null\u00e1s felvetette, hogy Egyes most mindenkit kerget, \u00e9s \u0151 h\u00e1rom megold\u00e1st l\u00e1t a helyzet kezel\u00e9s\u00e9re: Franky vagy megkeresi \u00d6t\u00f6st, vagy visszamegy, vagy kiny\u00edrja Egyest. Hogy mi volt a helyzet, \u00e9s mi\u00e9rt ez volt a kezel\u00e9s, azt m\u00e9g nem tudtuk.<br \/><br \/>Mintegy v\u00e9gsz\u00f3ra beesett Egyes, aki egy arrog\u00e1ns takony. Elnyomta a f\u0151geny\u00f3monol\u00f3got arr\u00f3l, hogy az id\u0151 neki dolgozik, a v\u00e9gzet\u00fcnk elker\u00fclhetetlen, valamint csak a buk\u00e1sunkat k\u00e9sleltethetj\u00fck. Seg\u00edt\u0151k\u00e9szen el\u0151adta, hogy a Mester, aki mindannyiukat megalkotta \u2013 egyt\u0151l \u00f6tig, a Null\u00e1st tal\u00e1n egy el nem puszt\u00edtott b\u00e9t\u00e1nak lehet tekinteni \u2013 elhelyezett mindegyikbe egy szil\u00e1nkot a hatalm\u00e1b\u00f3l, amit\u0151l most elgyeng\u00fclt, esetleg nekiestek a szomsz\u00e9dok. A l\u00e9nyeg, hogy a szop\u00f3s gyeng\u00e9lkedik, Egyes pedig nem osztozna a hatalmon, amikor \u00f6r\u00f6kl\u00e9sre ker\u00fcl a sor, \u00e9s am\u00fagy is l\u00e1that\u00f3lag f\u00e1jt a lelk\u00e9nek, hogy \u0151 nem volt el\u00e9g Apunak. Az nem annyira maradt meg bennem, hogy h\u00e1nyas sz\u00e1mhoz milyen er\u00e9ny t\u00e1rsult, de asszem Franky volt a Legtehets\u00e9gesebb, a hi\u00e1nyz\u00f3 \u00d6t\u00f6s meg a Legt\u00f6k\u00e9letesebb. Apu nagy pszichol\u00f3gus lehet, na. Ha Egyesnek siker\u00fcl kicsontozni a t\u00f6bbieket, akkor meg\u00f6r\u00f6kli \u00c1rk\u00e1di\u00e1ban Apu teljes uradalm\u00e1t, teljes hatalm\u00e1t, sz\u00f3val istenkedhet a t\u00f6bbi elmeroggyant k\u00f6z\u00f6tt. (Hegylak\u00f3!!) Term\u00e9szetesen \u0151 sosem rabolna el embereket, m\u00e9g ha sz\u00fcks\u00e9ge is lenne r\u00e1, hiszen \u0151 egy felvil\u00e1gosult gennyzs\u00e1k, semmivel sem rosszabb, mint egy kobaltb\u00e1nya tulajdonosa, vagy egy k\u00ednai gy\u00e1ros, esetleg egy \u00f6lt\u00f6ny\u00f6s t\u00fcrh\u0151 a Jenkif\u00f6ldj\u00e9r\u0151l. Igaz\u00e1n bizalomgerjeszt\u0151\u2026<br \/><br \/>K\u00f6zben \u00e9n szereztem p\u00e1r j\u00f3 pontot Null\u00e1sn\u00e1l, ami lehet, hogy egy kicsit m\u00e9rs\u00e9kli majd a nyom\u00e1st Franky-n. Ezt m\u00e9g k\u00e9s\u0151bb lehet, hogy meg fogom b\u00e1nni, de most azt gondolom, jobb az, ha meg van osztva a kis szarzs\u00e1k figyelme. (Meg \u00e9lveztem, ahogy nyinnyegett.) Az \u00c1rk\u00e1di\u00e1ban hesszel\u0151 vad\u00e1szoknak megvan az a nagy el\u0151ny\u00fck, hogy nem kell villanysz\u00e1ml\u00e1t fizetni, ez\u00e9rt \u0151k akkor \u00e9ppen dolgoznak a mi baszogat\u00e1sunkkal, amikor mi aludn\u00e1nk. Sz\u00f3val az id\u0151 nem nek\u00fcnk dolgozik, t\u00e9nyleg. <br \/><br \/>Ideiglenes megold\u00e1sk\u00e9nt Avrilt\u00f3l kaptunk te\u00e1t, ami max egy h\u00f3napig, de ink\u00e1bb h\u00e1rom h\u00e9tig ihat\u00f3 egy huzamban, ut\u00e1na ki\u00fcres\u00edti kicsit a fogyaszt\u00f3t, teh\u00e1t musz\u00e1j sz\u00fcnetet tartani. M\u00e9g adott aj\u00e1nd\u00e9kba Franky-nek egy medaliont, ami, ha v\u00e9letlen\u00fcl m\u00e9gis lenyomn\u00e1k az \u00e1lm\u00e1ban, seg\u00edthet elker\u00fclni, hogy hosszasan ki legyen \u00fctve. Jelezte, hogy a szoba sz\u00e9tver\u00e9s\u00e9t \u00fczemi balesetnek tekintik, \u00e9s nem kell megt\u00e9r\u00edteni az okozott k\u00e1rt.<br \/><br \/>Az orleans-iak eddig igen bar\u00e1ts\u00e1gosan \u00e9s seg\u00edt\u0151k\u00e9szen viselkedtek, ezt fel is jegyeztem arra az id\u0151re, ha \u0151k k\u00e9rn\u00e9nek valamit. <br \/><br \/>Elb\u00facs\u00faztunk azokt\u00f3l, akik m\u00e9g nem sz\u00e1lling\u00f3ztak el, \u00e9s \u00e1tment\u00fcnk Bubor\u00e9khoz, aki az elk\u00f6vetkezend\u0151 p\u00e1r napban a t\u00e1rsas\u00e1gunk lesz, figyel r\u00e1nk, minket, \u00e9s gondoskodik r\u00f3la, hogy ne menj\u00fcnk olyan helyekre, ahol bajunk eshet.<br \/><br \/>Mialatt ked\u00e9lyesen csevegt\u00fcnk a r\u00f6vid t\u00e1v\u00fa programlehet\u0151s\u00e9gekr\u0151l, a ment\u00e1lis feljegyz\u00e9seim h\u00e1rom, egym\u00e1ssal verseng\u0151 feladattal b\u0151v\u00fcltek:<br \/>&#8211; rettenthetetlen \u00e1lomharcoss\u00e1 v\u00e1lni, \u00e9s r\u00e1gy\u00fajtani Egyesre a h\u00e1zat.<br \/>&#8211; alternat\u00edva: tal\u00e1lni valakit, akinek jobban kell a Mester uradalma, r\u00e1usz\u00edtani azt, \u00e9s el\u00e1llni az \u00fatb\u00f3l (goblinpiac?)<br \/>&#8211; alternat\u00edva: megtal\u00e1lni \u00d6t\u00f6st, \u00e9s \u00f6sszefogni vele<br \/><br \/>M\u00e1r ha lesz v\u00e9lem\u00e9nyk\u00e9rdez\u00e9si szakasz, de az\u00e9rt az szokott lenni.<\/p>\r\n","protected":false},"excerpt":{"rendered":"<p>Az\u00e9rt van abban valami ironikus, hogy a legracion\u00e1lisabb tag a csapatb\u00f3l \u2013 Franky \u2013 k\u00fczd a legink\u00e1bb az \u00e1lmaival. (Eddig.) Sz\u00f3val Franky nem \u00e1ll\u00edtgatja sok\u00e1ig a labd\u00e1t, r\u00e1k\u00fcldi er\u0151b\u0151l, \u00e9s ez igen gyakran be is v\u00e1lik. El\u00e9g sok lehet\u0151s\u00e9g elf\u00e9r a fej\u00e9ben, \u00e9s r\u00f6vid id\u0151 ut\u00e1n tud d\u00f6nt\u00e9st hozni. Ha nem j\u00f6n be, nem j\u00f6n [&hellip;]<\/p>\n","protected":false},"author":3,"featured_media":0,"comment_status":"open","ping_status":"open","sticky":false,"template":"","format":"standard","meta":{"footnotes":""},"categories":[1,7,14,9],"tags":[23,24,25],"class_list":["post-703","post","type-post","status-publish","format-standard","hentry","category-autre","category-am","category-changelin","category-paris","tag-blog","tag-confidentiel","tag-michel"],"_links":{"self":[{"href":"https:\/\/blog.icwt.hu\/ctl-paris\/wp-json\/wp\/v2\/posts\/703","targetHints":{"allow":["GET"]}}],"collection":[{"href":"https:\/\/blog.icwt.hu\/ctl-paris\/wp-json\/wp\/v2\/posts"}],"about":[{"href":"https:\/\/blog.icwt.hu\/ctl-paris\/wp-json\/wp\/v2\/types\/post"}],"author":[{"embeddable":true,"href":"https:\/\/blog.icwt.hu\/ctl-paris\/wp-json\/wp\/v2\/users\/3"}],"replies":[{"embeddable":true,"href":"https:\/\/blog.icwt.hu\/ctl-paris\/wp-json\/wp\/v2\/comments?post=703"}],"version-history":[{"count":0,"href":"https:\/\/blog.icwt.hu\/ctl-paris\/wp-json\/wp\/v2\/posts\/703\/revisions"}],"wp:attachment":[{"href":"https:\/\/blog.icwt.hu\/ctl-paris\/wp-json\/wp\/v2\/media?parent=703"}],"wp:term":[{"taxonomy":"category","embeddable":true,"href":"https:\/\/blog.icwt.hu\/ctl-paris\/wp-json\/wp\/v2\/categories?post=703"},{"taxonomy":"post_tag","embeddable":true,"href":"https:\/\/blog.icwt.hu\/ctl-paris\/wp-json\/wp\/v2\/tags?post=703"}],"curies":[{"name":"wp","href":"https:\/\/api.w.org\/{rel}","templated":true}]}}