{"id":697,"date":"2021-12-06T17:44:27","date_gmt":"2021-12-06T16:44:27","guid":{"rendered":"https:\/\/blog.icwt.hu\/ctl-paris\/?p=697"},"modified":"2021-12-06T17:46:19","modified_gmt":"2021-12-06T16:46:19","slug":"2005-08-bakancsnyomok-a-plafonon","status":"publish","type":"post","link":"https:\/\/blog.icwt.hu\/ctl-paris\/2021\/12\/06\/2005-08-bakancsnyomok-a-plafonon\/","title":{"rendered":"2005\/08 &#8211; Bakancsnyomok a plafonon"},"content":{"rendered":"\r\n<p>A fejemben m\u00e9g versenyeznek a gondolatok, most ittam meg a harmadik nagy poh\u00e1r vizet, \u00e9s betermelem a negyedik sz\u0151l\u0151cukromat is. Durv\u00e1n odavertem a politoxikom\u00e1ni\u00e1nak, na, mert a sz\u0151l\u0151cukor volt a legdurv\u00e1bb az este. Ha a konyakot nem sz\u00e1m\u00edtjuk, de azt m\u00e1r csak a koncert ut\u00e1n kezdtem puszt\u00edtani. De ha az ember gyereke m\u00e1r megtanulta \u00f6nhackelni zen\u00e9vel a vegyi boszork\u00e1nykonyh\u00e1t az agyban, a drogok m\u00e1r nem is jelentenek annyira eleg\u00e1ns megold\u00e1st.<br \/>A szem\u00f6ld\u00f6k\u00f6m viszket, mert le\u00e9gettem t\u0171znaranccsal m\u00e9g a d\u00e9lel\u0151tt. M\u00e9ly leveg\u0151, Michel, pr\u00f3b\u00e1lj meg valami sorrendet kialak\u00edtani, l\u00e9gy sz\u00edves.<br \/>Menni fog?<\/p>\r\n<p>Minden menni fog, nincs v\u00e1laszt\u00e1sa.<\/p>\r\n<p>Sz\u00f3val d\u00e9lel\u0151tt magunkhoz t\u00e9rt\u00fcnk, reggelizt\u00fcnk, szocializ\u00e1l\u00f3dtunk az orl\u00e9ans-iakkal, \u00e9s megtudtuk, hogy a Smaragd udvar tagjai sem teljesen sz\u00e1zasak. K\u00e9t n\u00e9pszok\u00e1suk is van, ami k\u00e1b\u00e9 annyira biztons\u00e1gos, mint a pamplonai bikafuttat\u00e1son indulni kerekessz\u00e9kkel. Az egyik a t\u0171znarancs p\u00f6rgette gladi\u00e1torviadal. A m\u00e1sik a free for all \u201elopd el a kend\u0151t\u201d verseny a S\u00f6v\u00e9nyben.<\/p>\r\n<p>A t\u0171znarancs S\u00f6v\u00e9ny-gy\u00fcm\u00f6lcs, az eltarthat\u00f3s\u00e1gi ideje h\u0171t\u00e9s n\u00e9lk\u00fcl egy h\u00f3nap, amit illik komolyan venni, mert m\u00e1sk\u00e9nt az \u00f6ngyullad\u00e1s spont\u00e1n lesz \u00e9s eml\u00e9kezetes. Ha valaki le tudja gy\u0171rni, miel\u0151tt kigyullad, irgalmatlan bitangpusztulatos harci k\u00e9pess\u00e9gekre lehet t\u0151le szert tenni r\u00f6vid ideig, k\u00e1b\u00e9 full fae borg lesz t\u0151le az ember gyereke. Emellett m\u00e9rs\u00e9kelten kurvam\u00f3d addikt\u00edv \u2013 nem maga a cucc, hanem a hatalom\u00e9rzet, amit ad. K\u00e9pzeld el a legtiszt\u00e1bb kokaint, amit\u0151l t\u00e9nyleg hanyatt l\u00f6k\u00f6d a vil\u00e1got, \u00e9s kedvedet leled benne. Szerencs\u00e9re a v\u00edz megsz\u00fcnteti a hat\u00e1s\u00e1t \u2013 m\u00e1r csak egy v\u00f6d\u00f6rnyi el\u00e9g bel\u0151le. Elh\u00edvtak minket is \u2013 \u00e9n el\u0151sz\u00f6r kivontam magam a bulib\u00f3l Abir\u00e1val \u00e9s G\u00e9rard-ral egy\u00fctt, k\u00fcl\u00f6nb-k\u00fcl\u00f6nbf\u00e9le okokb\u00f3l. A magam r\u00e9sz\u00e9r\u0151l \u00fagy vagyok vele, hogy az egym\u00e1s le\u00f6l\u00e9s\u00e9t, ha m\u00e1r tenni kell, akkor szerelemf\u00e9lt\u00e9sb\u0151l, nyeres\u00e9gv\u00e1gyb\u00f3l, aljas indokb\u00f3l, vagy \u00f6nv\u00e9delemb\u0151l illik v\u00e9grehajtani. Franky \u00e9s Barbara tettek vele egy pr\u00f3b\u00e1t, de nem voltak el\u00e9g j\u00f3k az id\u0151nyom\u00e1s alatti gy\u00fcm\u00f6lcszab\u00e1l\u00e1sban, ez\u00e9rt leperzsel\u0151d\u00f6tt a szem\u00f6ld\u00f6k\u00fck. Hogy sz\u00e9gyenben ne maradjunk, jelentkeztem \u00e9n is \u2013 m\u00ednusz egy p\u00e1r szem\u00f6ld\u00f6k \u2013 \u00e9s G\u00e9rard is. Mindannyiunk kedvenc sztoikus k\u00f3dzsongl\u0151re egyr\u00e9szt id\u0151re betermelte a t\u0171znarancsot, majd az egyik, bagolyfej\u0171 orl\u00e9ans-ival \u00e1llt neki m\u00e1sf\u00e9l tonn\u00e1s pofoz\u00f3versenyre. Amit durv\u00e1n megnyert. \u00dagy \u00e9rtem, durv\u00e1n. Volt darabos salsasz\u00f3sz, meg minden. Szerencs\u00e9re az ar\u00e9na \u00fagy m\u0171k\u00f6d\u00f6tt, hogy a menet k\u00f6zben beszopott sebz\u00e9s csak p\u00e1r f\u00e1jdalmas z\u00faz\u00f3d\u00e1sk\u00e9nt marad meg a normalit\u00e1sban. G\u00e9rard v\u00e9g\u00fcl pontoz\u00e1ssal nyert (\u00e9rtsd: sz\u00e9tmorzsolta az ellenfel\u00e9t, de l\u00e1tv\u00e1nyosabban, mint pl Bubor\u00e9k az \u00f6v\u00e9t). A nyerem\u00e9nyen megosztozott a p\u00e1rbajpartner\u00e9vel, de \u0151 m\u00e1r aznap d\u00e9lut\u00e1n eldurrantotta a r\u00e9sz\u00e9t a kend\u0151lop\u00f3 versenyen. Amin mi nem vett\u00fcnk r\u00e9szt.<\/p>\r\n<p>Amikor Jeanie jelezte k\u00e9s\u0151bb, hogy ez az\u00e9rt egy teszt volt, mert a t\u0171znarancs hat\u00e1sa alatt alighanem el\u00e1rultuk volna, ha valamelyik M\u00e1st szolg\u00e1ljuk, vagy egy\u00e9b sanda sz\u00e1nd\u00e9kaink vannak, nem lep\u0151dtem meg t\u00falzottan. \u00dagy \u00e9rtem, meglep\u0151dtem persze, de szerintem logikus. Am\u00fagy is adott p\u00e1r tan\u00e1csot, hogy hogyan szervezz\u00fck az \u00e9letet Saint Denis-ben. Ennek a legfontosabb eleme, hogy tal\u00e1lnunk kell valamit, amivel Esk\u00fc n\u00e9lk\u00fcl tudjuk vizsg\u00e1lni a k\u00e9tes hovatartoz\u00e1s\u00fa idegeneket \u2013 azzal is lehet, csak annyi Esk\u00fct fenntartani dr\u00e1ga, \u00e9s nem gazdas\u00e1gos. \u00c9s van fels\u0151 hat\u00e1ra, hogy h\u00e1ny Esk\u00fct b\u00edrunk el egy id\u0151ben. \u00dagy t\u0171nik, elfogadt\u00e1k, hogy mi a Saint Denis-i Szabad\u00edtm\u00e1ny vagyunk, \u00e9s Franky vez\u00e9nylet\u00e9vel fel is vett\u00fck a diplom\u00e1ciai kapcsolatot. Ennek r\u00e9sze, hogy adunk kontaktot, \u00e9s ha l\u00e1togat\u00f3ba menn\u00e9nk egym\u00e1shoz, sz\u00f3lunk el\u0151re \u2013 \u00e9s ha sz\u00e1ll\u00e1s kell r\u00f6vid id\u0151re, azt biztos\u00edtjuk egym\u00e1snak, jut\u00e1nyos d\u00edjaz\u00e1s\u00e9rt fej\u00e9ben. Az \u00e9rtes\u00edt\u00e9si k\u00f6telezetts\u00e9ggel \u00f6sszef\u00fcgg, hogy a Szabad\u00edtm\u00e1ny Titk\u00e1ra lettem. (Az \u00e9n sz\u00e1momat adtuk meg.)<\/p>\r\n<p>Orl\u00e9ans-ban Bubor\u00e9k fog r\u00e1nk vigy\u00e1zni, hogy r\u00e9szint ne dugjuk a fej\u00fcnket a helyi \u00e9l\u0151vil\u00e1g sz\u00e1j\u00e1ba, r\u00e9szint meg mi se csontozzunk ki senkit. A Smaragd Udvar, \u00fagy n\u00e9zem, megkedvelte a bur\u00e1nkat, de van m\u00e9g h\u00e1rom m\u00e1sik, \u00e9s nem biztos, hogy mindenki r\u00e1n\u00e9z\u00e9sre felismer, hogy mi itt vend\u00e9gek vagyunk. Am\u00fagy is vannak arra utal\u00f3 jelek, hogy az egyes Udvarok egyes tagjai nem eg\u00e9szen vannak zs\u00edrban.<\/p>\r\n<p>Tr\u00e9cseltem p\u00e1r arccal, k\u00f6zt\u00fck Bubor\u00e9kkal, akit mindig \u00f6r\u00f6m l\u00e1tni, de a gondolataim az esti fell\u00e9p\u00e9s k\u00f6r\u00fcl forogtak. Legutolj\u00e1ra, amikor \u00f6nk\u00e9nt l\u00e9ptem fel, az Artillerie-ban, m\u00e1r p\u00e1r sz\u00e1z, p\u00e1r ezer ember volt a k\u00f6z\u00f6ns\u00e9g \u2013 ami az\u00f3ta t\u00f6rt\u00e9nt, arr\u00f3l nem besz\u00e9l\u00fcnk, de ez a sz\u00e1m sok\u00e1ig nulla volt \u2013 most harmincan v\u00e1rt\u00e1k, hogy v\u00e9gre bel\u0151jem a s\u00e9r\u00f3mat. Az\u00e9rt ez sok szempontb\u00f3l kem\u00e9nyebb t\u00f6meg volt \u2013 elt\u00e9r\u0151 zenei \u00edzl\u00e9sek, nem is felt\u00e9tlen\u00fcl bulizni akartak, \u00e9s nem voltak gyan\u00fas k\u00fclsej\u0171 alakok, akik a megfelel\u0151 pszichoakt\u00edv r\u00e1seg\u00edt\u00e9ssel csencseltek volna a z\u00fazni v\u00e1gy\u00f3kkal.<\/p>\r\n<p>Hoztam k\u00e9t k\u00e9sz sz\u00e1mot, amivel el\u00e9g j\u00f3l megalapoztam a hangulatot, meg is indult a t\u00e1nc, \u00e9s igaz\u00e1b\u00f3l, igaz\u00e1b\u00f3l id\u00e1ig is terveztem a dolgot, de azt\u00e1n ber\u00f6ffent az eg\u00f3m tizenhat literes d\u00edzelzab\u00e1l\u00f3 sz\u00f6rnyetege, \u00e9s azt mondtam magamnak, hogy ez \u00edgy nem el\u00e9g, ez \u00edgy biztons\u00e1gi j\u00e1t\u00e9k, ez a helyzet itt az, amikor a tizenkilencre lapot kell h\u00fazni. H\u00faztam is.<\/p>\r\n<p>Huszonegy.<\/p>\r\n<p>T\u00e9nyleg a belemet kidolgoztam a pultn\u00e1l, csorgott ki a f\u00fclemen a misztikus hatalom, amikor \u00e9p\u00edtettem az el\u0151ad\u00e1st \u2013 improviz\u00e1ci\u00f3 volt az eg\u00e9sz, \u00e9s ha el\u0151veszed a krokodilcsipeszeket, akkor sem val\u00f3sz\u00edn\u0171, hogy ezt pont \u00edgy, pont ezzel a hat\u00e1ssal m\u00e9g egyszer meg tudn\u00e1m csin\u00e1lni. A hangulat elkapott, \u00e9s \u00f3r\u00e1kig nem is eresztett, az egyik, ha nem a legjobb buli volt, amin valaha voltam. (K\u00f6l\u00f6kk\u00e9nt nem volt p\u00e9nzem a nagy el\u0151ad\u00f3k koncertjeire, ut\u00e1na meg m\u00e1r szakmabelik\u00e9nt, riv\u00e1lisk\u00e9nt tekintettem r\u00e1juk.) K\u00e1b\u00e9 a fel\u00e9n\u00e9l estem volna a fejemre, ha Henri nem \u00e1ll be seg\u00edteni, de cs\u00f6ppet sem b\u00e1nom, hogy kihajtottam magam.<br \/>Ez az alkalom az \u00e9n kis priv\u00e1t vil\u00e1gomban t\u00f6rt\u00e9nelmi.<br \/>Az \u00faj Michel els\u0151 fell\u00e9p\u00e9se.<\/p>\r\n<p>K\u00f6szi, sr\u00e1cok, hogy seg\u00edtettetek.<\/p>\r\n","protected":false},"excerpt":{"rendered":"<p>A fejemben m\u00e9g versenyeznek a gondolatok, most ittam meg a harmadik nagy poh\u00e1r vizet, \u00e9s betermelem a negyedik sz\u0151l\u0151cukromat is. Durv\u00e1n odavertem a politoxikom\u00e1ni\u00e1nak, na, mert a sz\u0151l\u0151cukor volt a legdurv\u00e1bb az este. Ha a konyakot nem sz\u00e1m\u00edtjuk, de azt m\u00e1r csak a koncert ut\u00e1n kezdtem puszt\u00edtani. De ha az ember gyereke m\u00e1r megtanulta \u00f6nhackelni [&hellip;]<\/p>\n","protected":false},"author":3,"featured_media":0,"comment_status":"open","ping_status":"open","sticky":false,"template":"","format":"standard","meta":{"footnotes":""},"categories":[1,7,14,9],"tags":[23,24,25],"class_list":["post-697","post","type-post","status-publish","format-standard","hentry","category-autre","category-am","category-changelin","category-paris","tag-blog","tag-confidentiel","tag-michel"],"_links":{"self":[{"href":"https:\/\/blog.icwt.hu\/ctl-paris\/wp-json\/wp\/v2\/posts\/697","targetHints":{"allow":["GET"]}}],"collection":[{"href":"https:\/\/blog.icwt.hu\/ctl-paris\/wp-json\/wp\/v2\/posts"}],"about":[{"href":"https:\/\/blog.icwt.hu\/ctl-paris\/wp-json\/wp\/v2\/types\/post"}],"author":[{"embeddable":true,"href":"https:\/\/blog.icwt.hu\/ctl-paris\/wp-json\/wp\/v2\/users\/3"}],"replies":[{"embeddable":true,"href":"https:\/\/blog.icwt.hu\/ctl-paris\/wp-json\/wp\/v2\/comments?post=697"}],"version-history":[{"count":0,"href":"https:\/\/blog.icwt.hu\/ctl-paris\/wp-json\/wp\/v2\/posts\/697\/revisions"}],"wp:attachment":[{"href":"https:\/\/blog.icwt.hu\/ctl-paris\/wp-json\/wp\/v2\/media?parent=697"}],"wp:term":[{"taxonomy":"category","embeddable":true,"href":"https:\/\/blog.icwt.hu\/ctl-paris\/wp-json\/wp\/v2\/categories?post=697"},{"taxonomy":"post_tag","embeddable":true,"href":"https:\/\/blog.icwt.hu\/ctl-paris\/wp-json\/wp\/v2\/tags?post=697"}],"curies":[{"name":"wp","href":"https:\/\/api.w.org\/{rel}","templated":true}]}}