{"id":695,"date":"2021-11-16T20:31:40","date_gmt":"2021-11-16T19:31:40","guid":{"rendered":"https:\/\/blog.icwt.hu\/ctl-paris\/?p=695"},"modified":"2021-11-16T20:31:40","modified_gmt":"2021-11-16T19:31:40","slug":"barbara-kedves-naploja-orleansban","status":"publish","type":"post","link":"https:\/\/blog.icwt.hu\/ctl-paris\/2021\/11\/16\/barbara-kedves-naploja-orleansban\/","title":{"rendered":"Barbara kedves napl\u00f3ja Orleansban"},"content":{"rendered":"<p>Kedves napl\u00f3m,<\/p>\n<p>most m\u00e1r musz\u00e1j le\u00edrnom ide bel\u00e9d, hogy teljesen indokolatlanul \u00e1rultam el a Belg\u00e1nak k\u00e9t olyan dolgot is, amit \u00edgy direktben, nos csak id\u0151vel der\u00edtettek ki r\u00f3lam az esk\u00fcdt t\u00e1rsaim is.<br \/>\nPedig eddig legal\u00e1bb h\u00e1rom \u00e9letre val\u00f3 sztorit hordtam neki \u00f6ssze. De ki sz\u00e1molja.<\/p>\n<p>Az volt a meglep\u0151, hogy nem szakadt r\u00e1m a mennyezet, meg nem estek ki a fogaim &#8211; nem tudom, mi\u00e9rt gondolom ezt, hogyha t\u00fal k\u00f6nnyen mondom el az igazs\u00e1got, az valami nagy bajt fog okozni -, \u00e9s igaz\u00e1b\u00f3l sz\u00f3rakoztat\u00f3 volt l\u00e1tni, hogy:<br \/>\n1. Komolyan vette (felt\u0171nt neki, hogy ez most nem sztori?)<br \/>\n2. Elkezdett megold\u00e1sokon gondolkodni. \u00c9s azonnal felaj\u00e1nlotta, hogy seg\u00edt.<\/p>\n<p>Para, nem para? Tegy\u00e9k meg t\u00e9tjeiket.<\/p>\n<p>Viszont az tagadhatatlan, hogy a k\u00fcls\u0151 visszaigazol\u00e1s seg\u00edt abban, hogy meg\u0151rizzem a val\u00f3s\u00e1gom hat\u00e1rait. Az, hogy mindig \u00faj sztorit gy\u00e1rtok, az nem.<\/p>\n<p>Sz\u00f3val, egyr\u00e9szt amn\u00e9zi\u00e1s vagyok, m\u00e1sr\u00e9szt meg van egy Ad\u00e9laide\u2026 Barbara? (El kell olvasnom a jegyzeteimet), aki rend\u0151r Nantes-ban, \u00e9s lej\u00e1r a fizun\u00e9lk\u00fcli szabija, p\u00e1r h\u00e9t m\u00falva.<br \/>\nJ\u00f3.<\/p>\n<p>K\u00f6zben vegyem m\u00e1r sz\u00e1mba a Dolgokat, Amik T\u00f6rt\u00e9nnek &#8211; nincs sok annyira, mert ugye nem eml\u00e9kszem az \u00e9leteim nagy r\u00e9sz\u00e9re:<\/p>\n<p>1. Elcser\u00e9lt vagyok, elrabolt valami iz\u00e9 \u00c1rk\u00e1di\u00e1ba, \u00e9s az els\u0151 eml\u00e9kem rabl\u00e1ncon s\u00e9t\u00e1lgat\u00e1s k\u00f6zben t\u00e1n Michel sz\u00e9ps\u00e9ges m\u00e1rv\u00e1nysegge.<br \/>\n2. P\u00e1rizsiak mentettek meg. Andr\u00e9 meg m\u00e1sok. Azonnal le kellett szerz\u0151dni v\u00e9r\u00fcnkkel meg ilyenek.<br \/>\n3. Mindenkinek Barbarak\u00e9nt mutatkoztam be, mert Adelaide-ra eml\u00e9keztem.<br \/>\n4. Franky hidegv\u00e9rrel meg\u00f6lt valakit, mert megk\u00e9rt\u00e9k r\u00e1.<br \/>\n5. Bet\u00f6rt\u00fcnk Rouenben egy \u00e1ruh\u00e1zba ruh\u00e1t lopni. \u00d6sszet\u0171z\u0151dt\u00fcnk a helyi elcser\u00e9ltekkel.<br \/>\n6. El kellett s\u00f3zni n\u00e9h\u00e1ny gyereket k\u00fcl\u00f6nf\u00e9le v\u00e1rosokba.<br \/>\n7. Ideiglenesen elsz\u00e1ll\u00e1soltak minket. Ut\u00e1na kaptunk lak\u00e1st. Ut\u00e1na kaptunk h\u00e1zat.<br \/>\n8. Myrtill miatt volt valami z\u0171r a b\u00e9ke 12 napj\u00e1ban (?), amir\u0151l semmit nem tudunk, de v\u00e9g\u00fcl J\u00e1zmin j\u00f6tt Myrtill helyett P\u00e1rizsba, aki a testv\u00e9re.<br \/>\n9. Az egyik p\u00e1rizsi elcser\u00e9ltet elvileg ismerem. \u00c9s \u0151 ismerte a testv\u00e9remet is. Akire mintha eml\u00e9kezn\u00e9k? (Blackjack, k\u00e9s\u0151bb \u0151 lett az eg\u00e9sz \u00f3r\u00e1m, vagy hogy mondj\u00e1k)<br \/>\n10. Ram\u00f3n \u00e9s az a lev\u00e9l amit a nev\u00e9ben k\u00fcldtem magamnak? Vagy neki? Vagy mi van?<br \/>\n11. K\u00eds\u00e9rt\u00fck Bubor\u00e9kot P\u00e1rizsban, aki valami hal\u00e1los lekv\u00e1rral m\u00e1szk\u00e1lt, \u00e9n is kaptam bel\u0151le, \u0151 is. Damien kioper\u00e1lta a ront\u00e1st. Orleansban ez kisebb felfordul\u00e1st okozott.<br \/>\n12. Volt valami kavar k\u00f6zben v\u00e1mp\u00edr\u00e9kkal, kider\u00fclt, Michelnek \u00fcgye van vel\u00fck \u00e9s\/ vagy a maffi\u00e1val. Ki kellett der\u00edteni, ki dolgozik \u00f6ssze a helyi elcser\u00e9ltekkel<br \/>\n13. Belga akci\u00f3, Amiens. Fun.<br \/>\n14. Nyomoztunk valami fura t\u00e1rgyak ut\u00e1n, megb\u00edz\u00e1sra, azt\u00e1n m\u00e9gse. Myrtill ez ut\u00e1n\u2026 \u00f6\u00f6 nem is j\u00f6tt soha P\u00e1rizsba.<br \/>\n15. Abira bel\u00e9nk botlott.<br \/>\n15.5. J\u00e1zmin is.<br \/>\n16. J\u00e1rtunk\u2026 Kecskem\u00e9ten? Magyarorsz\u00e1gon. S\u00f6v\u00e9nyen kereszt\u00fcl Leevel. Kicsit para volt.<br \/>\n16.7. Lebuktattuk az elcser\u00e9ltv\u00e9r keresked\u00e9st, \u00e9s a ruszkimaffia \u00f6sszefon\u00f3d\u00e1sokat, egy sz\u00e1m\u0171zet\u00e9s, egy \u00f6r\u00f6k bossz\u00fa ellen\u00fcnk.<br \/>\n17. Afrikai balh\u00e9, \u00e9s az ezer side-quest hozz\u00e1.<br \/>\n18. Oph\u00e9lie-akci\u00f3.<br \/>\n19. Nap\u00e9jegyenl\u0151s\u00e9gfasztudja mi udvarok ut\u00e1na nyomoz\u00e1s, amit nem mi fejezt\u00fcnk be, hanem a Belg\u00e1\u00e9k k\u00e9t \u00e9jjel ezel\u0151tt.<br \/>\n20. Bubor\u00e9k j\u00f3slatai \u00e1rul\u00f3kr\u00f3l.<br \/>\n21. Gerard m\u00e1solata sorozatgyilkos volt, aki engem sorozatgyilkolt.<br \/>\n21. Trinity-saga, \u00e9s gyilkos AI-ok. Illetve, iz\u00e9, Gyilkos Programoz\u00f3k.<br \/>\n21. Id\u0151visszaugrat\u00e1s 20 \u00e9vvel k\u00e9s\u0151bbr\u0151l.<br \/>\n22. Michel zen\u00e9l Orleansban, mert el kell mennie k\u00e9t h\u00f3napra P\u00e1rizsb\u00f3l.<br \/>\n23. Ja, meg mi lett\u00fcnk Saint Dennis Szabad\u00edtm\u00e1nya.<\/p>\n<p>Mit is akartam? M\u00e1r nem tudom. Az id\u0151rendet majd Michel \u00f6sszerakja, neki nagyobb ig\u00e9nye van a dolgok sz\u00e9pen sorbaf\u0171z\u00e9s\u00e9re, mint nekem, amivel meglepett.<\/p>\n<p>J\u00f3k a haverok is, l\u00e1ssuk csak:<\/p>\n<p>Frankie: ijeszt\u0151 n\u00e1ci tud\u00f3s, orvosi esk\u00fcvel, aki igaz\u00e1b\u00f3l j\u00f3val megb\u00edzhabb, mint b\u00e1rmelyik\u00fcnk a csapatb\u00f3l. Nem v\u00e1llal felesleges kock\u00e1zatot, de \u00e9rt a dolg\u00e1hoz, alapos, \u00e9s nem nagyon l\u00e1ttam m\u00e9g, hogy az \u00f6n\u00e9rzete befoly\u00e1solta volna. El\u00e9g mag\u00e1nak val\u00f3, \u0151 besz\u00e9l a legkevesebbet a csapatb\u00f3l. N\u00e9ha olyan, mintha semmi nem \u00e9rdekeln\u00e9, de azt\u00e1n meg j\u00f6n, ha \u00e9pp \u00fagy van ideje.<br \/>\nNem biztos, hogy kart\u00e1vols\u00e1gban akarok lenni, amikor el\u0151sz\u00f6r elveszti a fej\u00e9t.<\/p>\n<p>J\u00e1zmin: j\u00f3 arc, nyugis, \u00e9s k\u00fcl\u00f6n\u00f6sebb pof\u00e1z\u00e1s n\u00e9lk\u00fcl tesz \u00e9rtelmes dolgokat. De kicsit kezd elsodr\u00f3dni a csapatt\u00f3l (\u0151 is?).<\/p>\n<p>Michel: a banda sz\u00e9pfi\u00faja, aki r\u00e1ad\u00e1sul okos is, csak rettent\u0151en t\u00falkombin\u00e1l mindent. Mondom ezt \u00e9n, haha, de t\u00e9nyleg, nem gondoltam volna, hogy valaki n\u00e1lam tov\u00e1bb tud besz\u00e9lni egy t\u00e9m\u00e1r\u00f3l. (Ja, \u00e9n nem egyr\u0151l besz\u00e9lek sokat.) Neki van a legt\u00f6bb idealizmusa is, elk\u00e9pzelni nem tudom, hogy ezt a shiny armort hogyan k\u00e9pes fenntartani m\u00e9g mindig. Id\u0151nk\u00e9nt lekaparom t\u0151le az arcom, de asszem rosszul esne, ha ki\u00e9gett geciv\u00e9 v\u00e1lna \u0151 is, tartsa meg csak ezt a sz\u00e9p szok\u00e1s\u00e1t, hogy \u00fagymond \u201clelke\u201d van neki.<\/p>\n<p>Abira: meglep\u0151en relaxos \u00e9s fun csaj, ahhoz k\u00e9pest, hogy egy mord gyerekkaton\u00e1b\u00f3l n\u0151tte ki mag\u00e1t. Meg okosabb is, mint amilyennek id\u0151nk\u00e9nt megpr\u00f3b\u00e1lja eladni mag\u00e1t, mint \u201cbunk\u00f3 harcos\u201d. Legal\u00e1bbis nagyon igyekszik \u0151 is kombin\u00e1lni. A st\u00edlusa meg kiv\u00e1l\u00f3, az aranyozott AK-t \u00e9n is kirakn\u00e1m a falamra.<\/p>\n<p>Gerard: ideges\u00edt\u0151 fa\u2026 akarommondani, egy egyszer\u0171 rendszergazda, aki kifejlesztett egy term\u00e9szetfeletti AI-t (m\u00e1sokkal egy\u00fctt, de ez mindegy). Megy az \u201cevil scientist\u201d kateg\u00f3ri\u00e1ba \u0151 is.<br \/>\nH\u00f6h\u00f6, azon r\u00f6h\u00f6g\u00f6k, hogy a kem\u00e9nyebb arcok a partib\u00f3l mind n\u0151k (Frankie, Abira, J\u00e1zmin), a k\u00e9t f\u00e9rfi k\u00f6z\u00fcl az egyik zen\u00e9sz, a m\u00e1sik programoz\u00f3, \u00e9s hi\u00e1ba obszidi\u00e1nszobor, alapvet\u0151en nem \u0151 volt a harcitankunk eddig sosem.<br \/>\nSz\u00f3val van egy kasz\u00e1ja, amivel eddig csak a baj volt, de mondjuk nem is egy praktikus fegyver \u00fagy \u00e1ltal\u00e1ban.<\/p>\n<p>A m\u00e1sik vicc az, hogy h\u00e1rman is el\u00e9g j\u00f3 hackerek vagyunk &#8211; ez is olyan dolog, amivel ak\u00e1r kezdhetn\u00e9nk valamit.<br \/>\nTudom, rajtunk k\u00edv\u00fcl van m\u00e9g h\u00e1rom-n\u00e9gy csak P\u00e1rizs k\u00f6rny\u00e9ki elcser\u00e9lt hacker, de \u0151k tudtommal nem egy\u00fctt dolgoznak.<\/p>\n<p>Most am\u00fagy nem tudom, mi van. Itt vagyunk egy buliban, besz\u00e9lget\u00fcnk, magyar\u00e1ztatok az orleans-i Dolgokr\u00f3l:<br \/>\n1. Krist\u00e1lyudvarok<br \/>\n2. Triptichon \u00e9s a nem-tagok<br \/>\n3. Smaragd udvar cuki<\/p>\n<p>\u2026 De ezt igaz\u00e1b\u00f3l el is v\u00e1rn\u00e1m t\u0151l\u00fck, mert, ha a p\u00e1rizsi Rend a rosszfi\u00fak gy\u00fclekezete, akkor el\u00e9g kellemetlen\u00fcl j\u00f6nne ki, hogy \u0151k se j\u00f3 fejek. Legyenek valahol j\u00f3 fejek, pl\u00edz? \u00c9n \u00fagyse vagyok az, ahhoz t\u00fal sok minden marad a zsebemben. Meg t\u00fal hamar irrit\u00e1lnak az emberek, meg a \u2026 mit is akartam mondani?<\/p>\n<p>&nbsp;<\/p>\n<p>&nbsp;<\/p>\n","protected":false},"excerpt":{"rendered":"<p>Kedves napl\u00f3m, most m\u00e1r musz\u00e1j le\u00edrnom ide bel\u00e9d, hogy teljesen indokolatlanul \u00e1rultam el a Belg\u00e1nak k\u00e9t olyan dolgot is, amit \u00edgy direktben, nos csak id\u0151vel der\u00edtettek ki r\u00f3lam az esk\u00fcdt t\u00e1rsaim is. Pedig eddig legal\u00e1bb h\u00e1rom \u00e9letre val\u00f3 sztorit hordtam neki \u00f6ssze. De ki sz\u00e1molja. Az volt a meglep\u0151, hogy nem szakadt r\u00e1m a mennyezet, [&hellip;]<\/p>\n","protected":false},"author":5,"featured_media":0,"comment_status":"open","ping_status":"open","sticky":false,"template":"","format":"standard","meta":{"footnotes":""},"categories":[7,14,9],"tags":[26,23,24],"class_list":["post-695","post","type-post","status-publish","format-standard","hentry","category-am","category-changelin","category-paris","tag-barbara","tag-blog","tag-confidentiel"],"_links":{"self":[{"href":"https:\/\/blog.icwt.hu\/ctl-paris\/wp-json\/wp\/v2\/posts\/695","targetHints":{"allow":["GET"]}}],"collection":[{"href":"https:\/\/blog.icwt.hu\/ctl-paris\/wp-json\/wp\/v2\/posts"}],"about":[{"href":"https:\/\/blog.icwt.hu\/ctl-paris\/wp-json\/wp\/v2\/types\/post"}],"author":[{"embeddable":true,"href":"https:\/\/blog.icwt.hu\/ctl-paris\/wp-json\/wp\/v2\/users\/5"}],"replies":[{"embeddable":true,"href":"https:\/\/blog.icwt.hu\/ctl-paris\/wp-json\/wp\/v2\/comments?post=695"}],"version-history":[{"count":0,"href":"https:\/\/blog.icwt.hu\/ctl-paris\/wp-json\/wp\/v2\/posts\/695\/revisions"}],"wp:attachment":[{"href":"https:\/\/blog.icwt.hu\/ctl-paris\/wp-json\/wp\/v2\/media?parent=695"}],"wp:term":[{"taxonomy":"category","embeddable":true,"href":"https:\/\/blog.icwt.hu\/ctl-paris\/wp-json\/wp\/v2\/categories?post=695"},{"taxonomy":"post_tag","embeddable":true,"href":"https:\/\/blog.icwt.hu\/ctl-paris\/wp-json\/wp\/v2\/tags?post=695"}],"curies":[{"name":"wp","href":"https:\/\/api.w.org\/{rel}","templated":true}]}}