{"id":689,"date":"2021-11-16T19:41:39","date_gmt":"2021-11-16T18:41:39","guid":{"rendered":"https:\/\/blog.icwt.hu\/ctl-paris\/?p=689"},"modified":"2021-11-16T19:44:19","modified_gmt":"2021-11-16T18:44:19","slug":"2005-07-erkezes-orleansba","status":"publish","type":"post","link":"https:\/\/blog.icwt.hu\/ctl-paris\/2021\/11\/16\/2005-07-erkezes-orleansba\/","title":{"rendered":"2005\/07 &#8211; \u00c9rkez\u00e9s Orl\u00e9ansba"},"content":{"rendered":"<h1>Mindenki a harc\u00e1ll\u00e1spontokra, itt \u00e9n most zen\u00e9lni fogok!<\/h1>\n<p>Eljutottunk Orl\u00e9ans-ba. Persze nem \u00fagy, ahogy eredetileg tervezt\u00fck, de a tervekhez val\u00f3 beteges ragaszkod\u00e1s az elmebaj biztos jele. S\u00e9raphin ugyanis felaj\u00e1nlotta, hogy elvisz minket a mag\u00e1ng\u00e9p\u00e9n, seg\u00edt eladni az \u00e1lc\u00e1nkat, \u00e9s ha eld\u00f6ntj\u00fck, merre tov\u00e1bb, fuvaroz minket tov\u00e1bb is (ha ott van rept\u00e9r). Hogy van-e ebben m\u00f6g\u00f6ttes sz\u00e1nd\u00e9ka, nem tudjuk, de meglepne, ha nem lenne valami. A f\u00f3szer meg\u00e9lhet\u00e9si h\u00edrszerz\u0151. De mivel mi nagyon meredek dolgokban nem vagyunk benne (nem a fen\u00e9t), egyel\u0151re emiatt nem aggasztom magam.<\/p>\n<p>Az indul\u00e1s el\u0151tti nap m\u00e9g ell\u00e1togattunk a 1838-ba, ami egy, a Rend \u00e1ltal fenntartott, a h\u00e9tk\u00f6znapi emberek el\u0151tt is nyitva \u00e1ll\u00f3 sz\u00f3rakoz\u00f3hely, ahol n\u00e9met minim\u00e1ltechn\u00f3ra roptuk \u00e9s k\u00f6zben volt, akinek elrontottuk az est\u00e9j\u00e9t, m\u00e1sok meg az \u00e9letben nem voltak m\u00e9g milyen p\u00f6rg\u0151s bulin. \u00cdgy azt\u00e1n gyakorlatban tanulhattuk meg, hogy a Hatalom, ami a k\u00e9pess\u00e9geinket t\u00e1pl\u00e1lja, emberi \u00e9rzelmekb\u0151l, k\u00fcl\u00f6n\u00f6sen pedig a b\u0171ntudatt\u00f3l t\u00f6lt\u0151dik \u00fajra.<\/p>\n<p>Barbara Belg\u00e1n\u00e1l t\u00f6lt\u00f6tte az \u00e9jszak\u00e1t. Este m\u00e9g Abira megmentette Sz\u00fcrke \u00e9let\u00e9t &#8211; de legal\u00e1bbis a m\u00e1j\u00e1t &#8211; aki mulatoz\u00e1s meg \u00e9rzelemkezel\u00e9s k\u00f6zben sutba dobta az adagol\u00e1si utas\u00edt\u00e1st, \u00e9s gy\u00f3gyszerre vedelt. De meg lett h\u00e1nytatva, \u00edgy rem\u00e9lhet\u0151leg maradand\u00f3 eg\u00e9szs\u00e9gk\u00e1rosod\u00e1s n\u00e9lk\u00fcl meg\u00fassza.<\/p>\n<p>\u00c9rzelmileg, szellemileg felt\u00f6lt\u0151dve cuccoltunk h\u00e1t \u00f6ssze. T\u00e1voll\u00e9t\u00fcnkben a kec\u00f3t Cerebro \u0151rzi, aki, amikor \u00e9ppen nem akar lem\u00e9sz\u00e1rolni minket, kompetens \u00e9s korrekt nerdnek t\u0171nik.<\/p>\n<p>A f\u00e9lretett probl\u00e9m\u00e1k k\u00f6z\u00e9 fel\u00edrtuk Franky kim\u00e9ra haverj\u00e1t a t\u00fck\u00f6r t\u00faloldal\u00e1r\u00f3l, aki ez\u00fattal nem jutott \u00e1t. Az Esthajnalkurvaanyja udvar\u00e1t, akikkel nem akartunk foglalkozni, kirabolt\u00e1k a tervek szerint, ketten meghaltak, a harmadik meg elt\u0171nt. A tigriscsajn\u00e1l felmer\u00fclt a lehet\u0151s\u00e9g, hogy Abira nyom\u00e1t k\u00f6vetve jutott a k\u00f6zel\u00fcnkbe, de a Rend tagjai \u00f3lomtartalm\u00fa kontakt szerrel gy\u00e9r\u00edtett\u00e9k, \u00edgy fenyeget\u00e9st v\u00e9g\u00fcl nem jelentett. Majd az \u00fajaknak, ha mi adjuk a fed\u00e9st, kicsivel nagyobb biztons\u00e1got fogunk ny\u00fajtani &#8211; ez a h\u00e1rom az egy\u00e9rtelm\u0171 r\u00e1utal\u00e1s ellen\u00e9re is P\u00e1rizsban akart maradni, ami nem egy \u00e9letbiztos\u00edt\u00e1s. M\u00e9g a Renddel val\u00f3 hib\u00e1tlan egy\u00fcttm\u0171k\u00f6d\u00e9ssel egy\u00fctt sem az. Felteszem, m\u00e1shol meg m\u00e1s a gond. Ha az alvil\u00e1g, vagy a term\u00e9szetfeletti \u00e1llatkert nem tesz keresztbe, akkor m\u00e9g mindig ott vannak a M\u00e1sok &#8211; esetleg a t\u00f6bbi Elcser\u00e9lt.<\/p>\n<p>Az \u00fat esem\u00e9nytelen volt, \u00e9pp, ahogy szeretem. Bubor\u00e9k terv\u00e9t\u0151l r\u00f6gt\u00f6n el is t\u00e9rt\u00fcnk, mert m\u00e1r r\u00e1fordultunk a bek\u00f6t\u0151\u00fatra, amikor felmer\u00fclt bennem, hogy a s\u00f6rt meg a popcornt nem vett\u00fck meg. S\u00e9raphin csak eg\u00e9sz kicsit \u00e1razta t\u00fal a s\u00f6rt, de ennyire az\u00e9rt vagyok fill\u00e9res &#8211; megegyezt\u00fcnk v\u00e9g\u00fcl.<\/p>\n<p>A hely j\u00f3l felszerelt, \u00e9s j\u00f3l is v\u00e9dhet\u0151. A fest\u0151i \u00f6sszhat\u00e1st csak eg\u00e9sz kicsit rontja el a tizenhetedik sz\u00e1zadi st\u00edlben \u00e9p\u00fclt torony tetej\u00e9re szerelt antennaf\u00fcz\u00e9r, meg a kett\u0151s, tetej\u00e9n pengedr\u00f3ttal \u00e9k\u00edtett dr\u00f3tker\u00edt\u00e9s. A beton bollard kifejezetten rusztikus. De h\u00e1t, tudjuk, mik kolb\u00e1szolhatnak odakint, ez szerintem teljesen kock\u00e1zatar\u00e1nyos paranoia. Az \u00fcd\u00fcl\u0151t am\u00fagy cs\u00f3nakkal is el lehet hagyni, sz\u00f3val nem a zs\u00e1kutc\u00e1ban siker\u00fclt les\u00e1ll\u00e1st vetni\u00fck. Ha kipattintj\u00e1k a k\u00e9r\u00f3t, itt el\u00e9g j\u00f3l el lehet lenni egy p\u00e1r h\u00e9tig, miel\u0151tt megunn\u00e1 az ember.<\/p>\n<p>A fogadtat\u00e1sunk bar\u00e1ts\u00e1gos volt, r\u00f6gt\u00f6n be is \u00e1lltunk seg\u00edteni a mos\u00e1sban meg a takar\u00edt\u00e1sban.\u00a0 Michel (Caro) Barbar\u00e1t, majd Abir\u00e1t k\u00eds\u00e9rgette, gondolom, \u0151 volt a l\u00e1tv\u00e1nyosabb megfigyel\u0151, de szerintem a t\u00f6bbiek is nyitva tartott\u00e1k a szem\u00fcket. Az orl\u00e9ansiak kev\u00e9sb\u00e9 t\u0171nnek visszafogottnak, mint a Rend, el\u00e9g k\u00f6zvetlen banda benyom\u00e1s\u00e1t keltett\u00e9k. S\u00e9raphin kezeskedett \u00e9rt\u00fcnk, ez\u00e9rt a forraszt\u00f3p\u00e1k\u00e1k \u00e9s a krokodilcsipeszek nem ker\u00fcltek el\u0151 &#8211; de t\u00e9nyleg, nem is nagyon k\u00e9rdez\u0151sk\u00f6dtek. Mondjuk, azt t\u00f6bbsz\u00f6r el kellett mondani, hogy mi nem a p\u00e1rizsiak, hanem a Saint Denis-iek vagyunk. Megkaptam a kardomat, ez m\u00e1r komoly darab, j\u00f3l k\u00e9zre is \u00e1ll. L\u0151fegyverrel szemben pont l\u00f3szart sem \u00e9r, de oka van, hogy ilyenekkel anno seregeket szereltek fel.<\/p>\n<p>A fejem zsong a sok \u00faj n\u00e9vt\u0151l, m\u00e9g a p\u00e1rizsiakat se siker\u00fclt mind megjegyeznem. Sz\u00fcrke \u00e9pp Marie Nantes-b\u00f3l, azt tudni kell, a piros kiscsajt meg, akinek az ab\u00fazus\u00e1t Franky torolta meg egy Rend-tag fasztest\u0171n a kezdet kezdet\u00e9n, na \u0151t nem ismerj\u00fck.<\/p>\n<p>Elhelyeztem a hangeszk\u00f6z\u00f6ket, a be\u00e1ll\u00e1st m\u00e9g holnap meg kell csin\u00e1lnom. Nem mondom, hogy l\u00e1mpal\u00e1zam van, de baszki. Ez lesz az els\u0151 alkalom, hogy a szabadul\u00e1som \u00f3ta fell\u00e9pek. T\u00e9nyleg fell\u00e9pek.<\/p>\n<p>(Hogy \u00e9rted, hogy \u00fcveghangon rezgek? Nyugodt vagyok \u00e9s h\u0171v\u00f6s, mint egy hulla a j\u00e9gen.)<\/p>\n<p>&nbsp;<\/p>\n","protected":false},"excerpt":{"rendered":"<p>Mindenki a harc\u00e1ll\u00e1spontokra, itt \u00e9n most zen\u00e9lni fogok! Eljutottunk Orl\u00e9ans-ba. Persze nem \u00fagy, ahogy eredetileg tervezt\u00fck, de a tervekhez val\u00f3 beteges ragaszkod\u00e1s az elmebaj biztos jele. S\u00e9raphin ugyanis felaj\u00e1nlotta, hogy elvisz minket a mag\u00e1ng\u00e9p\u00e9n, seg\u00edt eladni az \u00e1lc\u00e1nkat, \u00e9s ha eld\u00f6ntj\u00fck, merre tov\u00e1bb, fuvaroz minket tov\u00e1bb is (ha ott van rept\u00e9r). Hogy van-e ebben m\u00f6g\u00f6ttes [&hellip;]<\/p>\n","protected":false},"author":3,"featured_media":0,"comment_status":"open","ping_status":"open","sticky":false,"template":"","format":"standard","meta":{"footnotes":""},"categories":[1,14,9],"tags":[23,24,25],"class_list":["post-689","post","type-post","status-publish","format-standard","hentry","category-autre","category-changelin","category-paris","tag-blog","tag-confidentiel","tag-michel"],"_links":{"self":[{"href":"https:\/\/blog.icwt.hu\/ctl-paris\/wp-json\/wp\/v2\/posts\/689","targetHints":{"allow":["GET"]}}],"collection":[{"href":"https:\/\/blog.icwt.hu\/ctl-paris\/wp-json\/wp\/v2\/posts"}],"about":[{"href":"https:\/\/blog.icwt.hu\/ctl-paris\/wp-json\/wp\/v2\/types\/post"}],"author":[{"embeddable":true,"href":"https:\/\/blog.icwt.hu\/ctl-paris\/wp-json\/wp\/v2\/users\/3"}],"replies":[{"embeddable":true,"href":"https:\/\/blog.icwt.hu\/ctl-paris\/wp-json\/wp\/v2\/comments?post=689"}],"version-history":[{"count":0,"href":"https:\/\/blog.icwt.hu\/ctl-paris\/wp-json\/wp\/v2\/posts\/689\/revisions"}],"wp:attachment":[{"href":"https:\/\/blog.icwt.hu\/ctl-paris\/wp-json\/wp\/v2\/media?parent=689"}],"wp:term":[{"taxonomy":"category","embeddable":true,"href":"https:\/\/blog.icwt.hu\/ctl-paris\/wp-json\/wp\/v2\/categories?post=689"},{"taxonomy":"post_tag","embeddable":true,"href":"https:\/\/blog.icwt.hu\/ctl-paris\/wp-json\/wp\/v2\/tags?post=689"}],"curies":[{"name":"wp","href":"https:\/\/api.w.org\/{rel}","templated":true}]}}