{"id":685,"date":"2021-10-19T08:42:16","date_gmt":"2021-10-19T07:42:16","guid":{"rendered":"https:\/\/blog.icwt.hu\/ctl-paris\/?p=685"},"modified":"2021-10-19T08:42:16","modified_gmt":"2021-10-19T07:42:16","slug":"dolgok-barbara-fejeben","status":"publish","type":"post","link":"https:\/\/blog.icwt.hu\/ctl-paris\/2021\/10\/19\/dolgok-barbara-fejeben\/","title":{"rendered":"Dolgok Barbara fej\u00e9ben"},"content":{"rendered":"<p>Barbara tov\u00e1bbra sem b\u00edrt az \u00f6nreflexi\u00f3 m\u0171v\u00e9szet\u00e9vel, \u00e9s a t\u0151le kitel\u0151 legt\u00f6bbet megtette az\u00e9rt, hogy ne kelljen elgondolkodnia saj\u00e1t mag\u00e1n, az \u00e9rzelmein, vagy, egy\u00e1ltal\u00e1n azon, hogy mi t\u00f6rt\u00e9nik vele &#8211; de az\u00e9rt vannak pillanatok, amikor a fej\u00e9ben d\u00fal\u00f3 homokvihar csak el\u00e9 sodorja a gondolatait.<\/p>\n<p>Mint amikor n\u00e9zi a t\u00e1ncol\u00f3 plafont, az azt \u00e1tl\u00f3san kereszt\u00fclszel\u0151 f\u00e9nycs\u00edkot, amit egy ajt\u00f3 \u00e9s a m\u00f6g\u00f6tte vil\u00e1g\u00edt\u00f3 l\u00e1mpa h\u00faz r\u00e1, \u00e9s m\u00e1r ink\u00e1bb f\u00e1radt, mint r\u00e9szeg, \u00e9s most el\u0151sz\u00f6r gondolja \u00e1t, hogy hol van &#8211; olyan este 9 \u00f3ta.<\/p>\n<p>&#8211; Ugye nem vagy sorozatgyilkos? Engem m\u00e1r ugyanaz k\u00e9tszer meg\u00f6lt. Ez ugye nem tesz \u00e1ldozatt\u00edpuss\u00e1? Neked mi lenne a signature-\u00f6d, ha sorozatgyilkos lenn\u00e9l?<\/p>\n<p>Azt a dolgot sem siker\u00fclt m\u00e9g feldolgozni, hogy megint ennek a sr\u00e1cnak az \u00e1gy\u00e1ban van. <em>Egy r\u00e9szr\u0151l<\/em> ez t\u00f6k term\u00e9szetes, mert ha nem \u00edgy t\u00f6rt\u00e9nt volna, akkor a m\u00faltkor Barbara elment volna a fej\u00e9rt, \u00e9s akkor m\u00e9g az is lehet, hogy az ind\u00edtotta volna el a meg nem t\u00f6rt\u00e9nt j\u00f6v\u0151 \u00fajra\u00edr\u00e1s\u00e1t. <em>M\u00e1sr\u00e9szr\u0151l<\/em> meg Barbara az\u00f3ta tudta, hogy a Belga kell, mi\u00f3ta elvitte \u0151ket magukkal arra az agyament k\u00fcldet\u00e9sre, az alakv\u00e1lt\u00e1ssal &#8211; \u0151szint\u00e9n leny\u0171g\u00f6zte ez a pof\u00e1tlans\u00e1g, ahogy olyanok azok arc\u00e1t rakja r\u00e1juk, akikkel \u00e9pp egy hete kardoztak Rouenben.<\/p>\n<p>Igen, fasza dolog kirabolni (\u00e9s meggyilkolni) egy afrikai hadurat is, persze, de az arra vonatkoz\u00f3 tervet nem is a vonaton \u00fclve tudt\u00e1k meg.<\/p>\n<p><i>\u0150 is olyan h\u00fclye, mint te.<\/i><\/p>\n<p>&#8211; Te is annyi szarba keveredsz, mint mi? &#8211; lehelletnyi aggodalom, amikor r\u00e1j\u00f6n, hogy a m\u00e1siknak is van \u00e9lete.<\/p>\n<p><em>R\u00e9gebben tolja, mint te, nyugi. Nem lesz baj.\u00a0<\/em><\/p>\n<p>Ja, de akkor mi a k\u00e9rd\u00e9s? Mi a <em>harmadr\u00e9sz<\/em>? Barbara nem tudja, de szerencs\u00e9re nem kell tudnia, mert p\u00e1r \u00f3ra m\u00falva m\u00e1r egy rep\u00fcl\u0151n fog \u00fclni, tal\u00e1n nem annyira m\u00e1snaposan, viszont kialvatlanul, \u00e9s egyszerre csak kev\u00e9s dologra k\u00e9pes f\u00f3kusz\u00e1lni &#8211; csoda, hogy Charles a buliban esz\u00e9be jutott. H\u00e1t nem?<\/p>\n<p>\u00c9s akkor ott van m\u00e9g az is, hogy mennyire megn\u0151tt\u00a0 fej\u00e9ben a homokvihar &#8211; ez ezel\u0151tt nem volt, ezel\u0151tt tiszt\u00e1n \u00e9s \u00e9lesen l\u00e1tta a vil\u00e1got, most pedig\u00a0 a szavak, bet\u0171k \u00e9s form\u00e1k m\u00f6g\u00f6tt v\u00e9gtelenbe ny\u00edl\u00f3 t\u00f6rt\u00e9netek vannak, a t\u00e1rgyak sz\u00e9le bizsereg, \u00e9s a\u2026<\/p>\n<p>&#8230;mit szoktak ilyenkor csin\u00e1lni az emberek? Mi\u00e9rt kell fenntartani a szemkontaktust, a gondolatmenetet, mi\u00e9rt pont ezek az \u00e9rtelmetlens\u00e9gek a megfelel\u0151 v\u00e1laszok? Ez sosem volt m\u00e9g k\u00e9rd\u00e9s, most meg \u00fagy folyik ki Barbara ujjai k\u00f6z\u00fcl minden v\u00e1lasz, mint a homok.<\/p>\n<p>Egy kor\u00e1bbi Barbara tulajdon\u00edtott volna jelent\u0151s\u00e9get annak, hogy a m\u00e1sik el\u0151bb h\u00edvja fel, hogy felh\u00edvja, hogy \u00e9rdekl\u0151dik.<\/p>\n<p><i>Most csak dugni j\u00f6tt\u00e9l, nem? Ha nem sz\u00f3l, akkor nem jut eszedbe keresni.\u00a0<\/i><\/p>\n<p>Tudom k\u00e9t nevemet is, \u00e9s nem tudom, melyik az igazi, \u00e9s a m\u00e1sik mi\u00e9rt nem az, \u00e9s egyik mell\u00e9 sem kapcsol\u00f3dik a testv\u00e9rem. \u00c9s mindkett\u0151t meg\u00f6lt\u00e9k. Vagy majdnem. Mindek\u00f6zben egy l\u00e1tom\u00e1sban v\u00e9gign\u00e9ztem a hal\u00e1lomat \u00e9s a hal\u00e1lodat is \u00e9s azt\u00e1n egy t\u00f6k m\u00e1sik id\u0151s\u00edkr\u00f3l besz\u00e9lgettem az arccal a j\u00f6v\u0151b\u0151l, aki meg akarja akad\u00e1lyozni a Skynet\u2026 ez nem a Termin\u00e1tor sztorija?<\/p>\n<p>&#8211; \u00c9n am\u00fagy nagyon \u00f6r\u00fcl\u00f6k annak, hogy nem vagy \u00e1rul\u00f3.<\/p>\n<p><i>Ebb\u0151l az eg\u00e9szb\u0151l vajon mi hallatszott ki?<\/i><\/p>\n<p>&#8211; Ne hagyj gondolkodni.<\/p>\n<hr \/>\n<p>Barbara ott hagy:<\/p>\n<p>&#8211; Egy darab arany nyakl\u00e1ncot.<\/p>\n<p>&#8211; Egy darab kicsit hib\u00e1s vihargy\u00fajt\u00f3t<\/p>\n<p>&#8211; P\u00e1r szem cukork\u00e1t \u00e9s egy f\u00e9l t\u00e1bla csokit, ami kisz\u00f3r\u00f3dott a kab\u00e1tja zseb\u00e9b\u0151l, \u00e9s Barbara csak a f\u00f6ldr\u0151l szedte fel \u0151ket, de el m\u00e1r nem rakta<\/p>\n<p>&#8211; Visszaadja azt a valamit, ami b\u00facs\u00faz\u00e1skor elemelt a Belga zseb\u00e9b\u0151l, \u00e9s a f\u00e9rfi r\u00e1sz\u00f3lt, hogy arra m\u00e9g sz\u00fcks\u00e9ge lenne a j\u00f6v\u0151ben. Barbara nem is eml\u00e9kszik r\u00e1, hogy a t\u00e1rc\u00e1ja, kulcsa, vagy mi lett volna.<\/p>\n<p>&#8211; Az inget, amit m\u00e9g a reggel gyorsan mag\u00e1ra vett, nem adja vissza.<\/p>\n<p>&nbsp;<\/p>\n<p>&nbsp;<\/p>\n","protected":false},"excerpt":{"rendered":"<p>Barbara tov\u00e1bbra sem b\u00edrt az \u00f6nreflexi\u00f3 m\u0171v\u00e9szet\u00e9vel, \u00e9s a t\u0151le kitel\u0151 legt\u00f6bbet megtette az\u00e9rt, hogy ne kelljen elgondolkodnia saj\u00e1t mag\u00e1n, az \u00e9rzelmein, vagy, egy\u00e1ltal\u00e1n azon, hogy mi t\u00f6rt\u00e9nik vele &#8211; de az\u00e9rt vannak pillanatok, amikor a fej\u00e9ben d\u00fal\u00f3 homokvihar csak el\u00e9 sodorja a gondolatait. Mint amikor n\u00e9zi a t\u00e1ncol\u00f3 plafont, az azt \u00e1tl\u00f3san kereszt\u00fclszel\u0151 f\u00e9nycs\u00edkot, [&hellip;]<\/p>\n","protected":false},"author":5,"featured_media":0,"comment_status":"open","ping_status":"open","sticky":false,"template":"","format":"standard","meta":{"footnotes":""},"categories":[7,14],"tags":[26],"class_list":["post-685","post","type-post","status-publish","format-standard","hentry","category-am","category-changelin","tag-barbara"],"_links":{"self":[{"href":"https:\/\/blog.icwt.hu\/ctl-paris\/wp-json\/wp\/v2\/posts\/685","targetHints":{"allow":["GET"]}}],"collection":[{"href":"https:\/\/blog.icwt.hu\/ctl-paris\/wp-json\/wp\/v2\/posts"}],"about":[{"href":"https:\/\/blog.icwt.hu\/ctl-paris\/wp-json\/wp\/v2\/types\/post"}],"author":[{"embeddable":true,"href":"https:\/\/blog.icwt.hu\/ctl-paris\/wp-json\/wp\/v2\/users\/5"}],"replies":[{"embeddable":true,"href":"https:\/\/blog.icwt.hu\/ctl-paris\/wp-json\/wp\/v2\/comments?post=685"}],"version-history":[{"count":0,"href":"https:\/\/blog.icwt.hu\/ctl-paris\/wp-json\/wp\/v2\/posts\/685\/revisions"}],"wp:attachment":[{"href":"https:\/\/blog.icwt.hu\/ctl-paris\/wp-json\/wp\/v2\/media?parent=685"}],"wp:term":[{"taxonomy":"category","embeddable":true,"href":"https:\/\/blog.icwt.hu\/ctl-paris\/wp-json\/wp\/v2\/categories?post=685"},{"taxonomy":"post_tag","embeddable":true,"href":"https:\/\/blog.icwt.hu\/ctl-paris\/wp-json\/wp\/v2\/tags?post=685"}],"curies":[{"name":"wp","href":"https:\/\/api.w.org\/{rel}","templated":true}]}}