{"id":681,"date":"2021-10-17T11:53:38","date_gmt":"2021-10-17T10:53:38","guid":{"rendered":"https:\/\/blog.icwt.hu\/ctl-paris\/?p=681"},"modified":"2022-02-14T14:50:23","modified_gmt":"2022-02-14T13:50:23","slug":"catherine-blog-2005-03a","status":"publish","type":"post","link":"https:\/\/blog.icwt.hu\/ctl-paris\/2021\/10\/17\/catherine-blog-2005-03a\/","title":{"rendered":"Catherine \u2022 Blog \u2013 2005\/03A+"},"content":{"rendered":"<h2>Redund\u00e1ns Napl\u00f3m!<\/h2>\n<p>T\u00f6k\u00e9letes egzisztenci\u00e1lis kr\u00edzis \u00fczemm\u00f3d. Az.<\/p>\n<p>Sokat seg\u00edtettek a besz\u00e9lget\u00e9sek, nem kev\u00e9s pia (ugyan az depressz\u00e1ns, de baszni bele) \u00e9s 3-4 Migralgine. Celine megk\u00edn\u00e1lt egy f\u00fcves cigivel is, de Noella lebesz\u00e9lt r\u00f3la, szerinte \u00e9ppen el\u00e9g, hogy \u00f3pi\u00e1tot keverek alkohollal. Mindezek ut\u00e1n sim\u00e1n felsz\u00edvott egy cs\u00edk kokaint.<\/p>\n<p>Na, ez a bekezd\u00e9s pont j\u00f3l jelk\u00e9pezi, hogy mi a bajom. Alapvet\u0151en az, hogy ez az eg\u00e9sz nekem nem norm\u00e1lis. Semmi nem norm\u00e1lis. Az eg\u00e9sz vil\u00e1g meg\u0151r\u00fclt!<\/p>\n<p>Mindegy. Haladjunk sz\u00e9pen sorj\u00e1ban.<\/p>\n<p>Vas\u00e1rnap ugye becuccoltunk a kish\u00e1zba \u00e9s verg\u0151dhettem az \u00e1gyban a k\u00e9rd\u00e9seimmel \u00e1lmatlanul, mik\u00f6zben Celine nagyj\u00e1b\u00f3l b\u00e9k\u00e9sen aludt. Kiv\u00e9ve, amikor fel\u00e9bredt h\u00e1nyni, de ink\u00e1bb csak agg\u00f3dva n\u00e9ztem, nem k\u00e9rdeztem semmit.<\/p>\n<p>H\u00e9tf\u0151 (!!!) reggel f\u00e9l nyolckor folyamatos csenget\u00e9sre \u00e9bredt\u00fcnk: a szomsz\u00e9d r\u00e1nk h\u00edvta a csend\u0151r\u00f6ket, mondv\u00e1n t\u00f6bbnyire \u00fcres a h\u00e1z, most meg itt vagyunk egy furgonnal, biztosan bet\u00f6r\u0151k vagyunk. Celine sim\u00e1n el\u0151adta az &#8222;apuk\u00e1m \u00fcgyv\u00e9d, menjenek a pics\u00e1ba&#8221; performanszt, mik\u00f6zben \u00e9n vadul telefon\u00e1ltam Noell\u00e1nak, hogy &#8222;bocsika, az este becuccoltunk an\u00e9lk\u00fcl, hogy sz\u00f3ltam volna, h\u00fazd ide a kicsi segged, kurva gyorsan&#8221;. \u00c1tadtam a telefont a f\u0151csend\u0151rnek, abban maradtak, hogy megv\u00e1rj\u00e1k, am\u00edg meg\u00e9rkezik valami hivatalos pap\u00edrral, hogy jogunk van egy\u00e1ltal\u00e1n a h\u00e1zban lenni. Beh\u00edvtuk \u0151ket, f\u0151zt\u00fcnk egy k\u00e1v\u00e9t, bar\u00e1ts\u00e1gtalanul pislogtunk egym\u00e1sra \u00e9s r\u00f6vid mondatokban taglaltuk az id\u0151j\u00e1r\u00e1st. Kurva hideg. V\u00e9g\u00fcl Noella becs\u00f6rtetett \u00e9s elsim\u00edtotta a helyzetet, b\u00e1r volt egy kis fennakad\u00e1s, amikor a hadnagy megk\u00e9rdezte, hogy honnan is indult \u00e9s r\u00f6vid fejsz\u00e1mol\u00e1s ut\u00e1n k\u00f6z\u00f6lte, hogy ez a kis teleport\u00e1l\u00e1s 300 Eur\u00f3 lesz, plusz a jogos\u00edtv\u00e1nya. Azt\u00e1n elr\u00f6h\u00f6gte mag\u00e1t a megny\u00falt arcunkat l\u00e1tva, megk\u00f6sz\u00f6nte a k\u00e1v\u00e9t \u00e9s lel\u00e9ptek. Noella meg \u00e1tment a szomsz\u00e9dhoz egyszerre megk\u00f6sz\u00f6nni, hogy figyelt \u00e9s lebaszni a csend\u0151r\u00f6k miatt. Er\u0151s nyit\u00e1sa a napnak, de a kor\u00e1bbiakat figyelembe v\u00e9ve: ez ty\u00fakszar.<\/p>\n<p>QT ezut\u00e1n becuccolt a vezet\u00e9kes telefonnal a f\u00fcrd\u0151szob\u00e1ba (a mobilokat behaj\u00edtotta a fagyaszt\u00f3ba), \u00e9n meg a ter\u00edt\u0151n sz\u00e1moltam a vir\u00e1gokat, am\u00edg Noella vissza nem j\u00f6tt. R\u00f6vid k\u00e9pzavar ut\u00e1n tiszt\u00e1ztuk, hogy ki-mi\u00e9rt-hogyan n\u00e9z ki \u00e9s mennyire Elcser\u00e9lt, azt\u00e1n belev\u00e1gtam a k\u00f6zep\u00e9be \u00e9s tal\u00e1n kiss\u00e9 hiszt\u00e9rikusan eldar\u00e1ltam neki az elm\u00falt\u2026 illetve l\u00f3faszt elm\u00falt, a meg sem t\u00f6rt\u00e9nt h\u00e1rom nap esem\u00e9nyeit az \u00e9n szemsz\u00f6gemb\u0151l. A v\u00e9g\u00e9re szerencs\u00e9re kaptam seg\u00edts\u00e9get is, mert m\u00e1r rongyosra besz\u00e9ltem a sz\u00e1mat: QT is becsatlakozott, mik\u00f6zben a zsebeib\u0151l, kab\u00e1tj\u00e1b\u00f3l, t\u00e1sk\u00e1j\u00e1b\u00f3l kismilli\u00f3 jegyzetet sz\u00f3rt ki az asztalra. Szalv\u00e9ta, pap\u00edrzsepi, tankol\u00e1sr\u00f3l blokk, vonatjegy, mindenf\u00e9le szars\u00e1g \u00f6ssze-vissza firk\u00e1lva nevekkel, d\u00e1tumokkal, c\u00edmekkel.<\/p>\n<p>Igaz\u00e1b\u00f3l engem lepett meg ink\u00e1bb, hogy Noella rohadtul nem lep\u0151dik meg semmin, csak elt\u0171nik a nappaliban, azt\u00e1n sz\u00f3 n\u00e9lk\u00fcl lebasz az asztalra egy mar\u00e9k tollat, egy f\u00fczetet \u00e9s egy rak\u00e1s rajzsz\u00f6get. Azt\u00e1n elkezdt\u00fck \u00f6sszerakni a miafaszt. Ami els\u0151 nekifut\u00e1sra tartott vagy \u00f6t percig, mert beleszaladtunk abba, hogy ugyan mind Elcser\u00e9ltek vagyunk, de &#8222;\u0151 nem tudhatja, amit mi tudunk, hogy \u0151 nem tudja\u2026&#8221;, amib\u0151l hiszt\u00e9rikus r\u00f6h\u00f6g\u00e9s lett, miut\u00e1n Noella tot\u00e1l faarccal r\u00e1k\u00e9rdezett, hogy a szupertitkos p\u00e1rizsi Elcser\u00e9lt rendre gondolunk vagy az id\u0151h\u00f6z f\u0171z\u0151d\u0151 misztikus kapcsolatunkra? V\u00e9g\u00fcl el\u0151kapart egy \u00fcveg vodk\u00e1t, ittunk egy k\u00f6rt \u00e9s nekikezdt\u00fcnk a mel\u00f3nak.<\/p>\n<p>Kiv\u00e1logattuk \u00e9s felt\u0171zt\u00fck a rak\u00e1s biszbaszt a konyhaszekr\u00e9nyre \u00e9s h\u00e1rom \u00f3ra alatt \u00f6sszeraktunk mindent: Charles \u00e9s Anne-Marie balesete, id\u0151ugraszt\u00e1s, QT j\u00f6v\u0151beli tudat\u00e1nak id\u0151utaz\u00e1sa, Cerebro m\u00e9rhetetlen szerelme Trinity ir\u00e1nt, Virginie bekattan\u00e1sa \u00e9s gy\u00fajtogat\u00e1sa, David bekattan\u00e1sa \u00e9s t\u00f6meggyilkol\u00e1sa, mindenf\u00e9le Elcser\u00e9lt kapcsolatok Rouen-ben \u00e9s Calais-ban, Barbara, G\u00e9rard, F\u00e9lix, mellette Noella, aki mindenf\u00e9le lehets\u00e9ges j\u00f6v\u0151ket l\u00e1t (csak k\u00e9tszer sz\u00f3ltunk be neki, hogy ezt bezzeg nem l\u00e1ttad, nem \u00e9rt\u00e9kelte), azt\u00e1n csak b\u00e1multuk a jegyzeteket meg egym\u00e1st. Hogy akkor most mihez is kezdj\u00fcnk ezzel?<\/p>\n<p>QT elk\u00e9rte Noella kocsij\u00e1t (hello, d\u00e9j\u00e0 vu!) \u00e9s felment P\u00e1rizsba a Szabad\u00edtm\u00e1nnyal \u00e9rtekezni, mi meg elindultunk Orl\u00e9ans-ba, hogy ne kattanjak be teljesen \u00e9s nagyj\u00e1b\u00f3l megism\u00e9telt\u00fck a nem megt\u00f6rt\u00e9nt esem\u00e9nyeket. Megl\u00e1togattuk Mamust \u00e9s kit\u00e1rgyaltuk Anyu szak\u00e9rt\u00e9s\u00e9t, a nem-v\u0151leg\u00e9nyem G\u00e9rard-t, az \u00faj munk\u00e1mat. Egy\u00fctt eb\u00e9delt\u00fcnk a csajokkal, Emilie &#8222;megint&#8221; probl\u00e9m\u00e1s volt a gyerekek miatt, de megoldotta, Audrey pedig &#8222;ism\u00e9t&#8221; el\u0151adhatta a sir\u00e1mait, ami\u00e9rt egy vega faszival van, aki nem szereti, ha leszopj\u00e1k. Nem, m\u00e9g v\u00e9letlen sem volt visszafogottabb az \u00e9tteremben, mint &#8222;kor\u00e1bban&#8221; a Mamusn\u00e1l.<\/p>\n<p>Noella elk\u00eds\u00e9rt haza is, h\u0151siesen elviselve Anyu h\u00fclyes\u00e9geit, aki valami v\u00edz\u00f3ra-csere miatt nem dolgozott \u00e9ppen, \u00edgy volt ideje \u00e9s lehet\u0151s\u00e9ge kioktatni a d\u00f6nt\u00e9seim helytelens\u00e9g\u00e9t illet\u0151en. Persze legink\u00e1bb az f\u00e1j neki, hogy ami\u00f3ta elmentem az egyetemre, szerinte teljesen kirekesztem az \u00e9letemb\u0151l \u00e9s m\u00e1r ki sem k\u00e9rtem a v\u00e9lem\u00e9ny\u00e9t a lak\u00e1sv\u00e1s\u00e1rl\u00e1sr\u00f3l, az \u00e1ll\u00e1s elfogad\u00e1s\u00e1r\u00f3l. Sajnos hozz\u00e1 kell szoknia, mert nan\u00e1, hogy kirekesztem az \u00e9letemb\u0151l! Egyr\u00e9szt biztosan nem hinn\u00e9 el, hogy gyakorlatilag t\u00e9nyleg &#8222;elraboltak az idegenek&#8221; \u00e9s \u00e1tform\u00e1lt\u00e1k a testem, meg\u00f6ltem a saj\u00e1t idegen m\u00e1solatomat, csatlakoztam egy szekt\u00e1hoz, bet\u00f6rtem egy m\u00fazeumba, emellett t\u00f6bb afrikai zsoldost is meg\u00f6ltem, de nem kell izgulni, milliomos vagyok, ja \u00e9s nem lehet gyerekem. M\u00e1sr\u00e9szt meg ha elhinn\u00e9, akkor mi lenne? Vagy engem z\u00e1ratna be, vagy \u0151 roppanna \u00f6ssze \u00e9s mehetne a j\u00e1tsz\u00f3h\u00e1zba. Nem v\u00e9letlen, hogy Papus is \u00fagy nevelte fel, hogy soha nem mondta el neki az igazat.<\/p>\n<p>Mik\u00f6zben pakoltuk a cuccaimat, teljesen be\u00fct\u00f6tt a depresszi\u00f3. Szerencs\u00e9re nem voltam egyed\u00fcl, \u00edgy volt kivel megbesz\u00e9lni, de ett\u0151l m\u00e9g nem lett sokkal k\u00f6nnyebb. Hirtelen j\u00f6tt ez az eg\u00e9sz trauma, az elrabl\u00e1ssal, a t\u00f6red\u00e9kes \u00e9s egyben borzalmas eml\u00e9kfoszl\u00e1nyokkal, az irre\u00e1lis megment\u00e9ssel. Ha t\u00fck\u00f6rbe n\u00e9zek, k\u00fcl\u00f6n er\u0151fesz\u00edt\u00e9sbe ker\u00fcl, m\u00e1gia kell hozz\u00e1, hogy az emberi \u00f6nmagamat l\u00e1ssam, mert egy\u00e9bk\u00e9nt csak egy deform\u00e1lt ufonauta b\u00e1mul vissza r\u00e1m. Mennyire lehet a saj\u00e1t testem az igazs\u00e1g, ha nem alapvet\u0151en term\u00e9szetes l\u00e1tnom, hanem el\u0151bb el kell fednem egy m\u00e1sik igazs\u00e1got? Tal\u00e1n ilyen \u00e9rz\u00e9s lehet transznem\u0171nek vagy testk\u00e9pzavaros anorexi\u00e1snak lenni, a lelked tudja, \u00e9rzi, hogy ez nem a te tested, hanem valaki m\u00e1s\u00e9, m\u00e9gis bele vagy z\u00e1rva \u00e9s k\u00e9nytelen vagy egy\u00fctt \u00e9lni vele. Mindek\u00f6zben azt is \u00e9rzem, hogy a reflexes tud\u00e1s az eny\u00e9m, valamikor, valahol, valahogyan \u00e9n szereztem meg, \u00e9n szenvedtem, hogy az eny\u00e9m legyen.<\/p>\n<p>Eltelt k\u00e9t borzaszt\u00f3an hossz\u00fa, esem\u00e9nyd\u00fas h\u00f3nap \u00e9s kezdem \u00e9rteni a p\u00e1rizsiakat, hogy mi\u00e9rt kergettek kereszt\u00fcl mindezen. Nem hagytak id\u0151t, lehet\u0151s\u00e9get nek\u00fcnk arra, hogy magunkba zuhanjunk, hogy olyan k\u00e9rd\u00e9seket tegy\u00fcnk fel, amikre igaz\u00e1b\u00f3l nincsenek v\u00e1laszok. Mivel nekik sincsenek eszk\u00f6zeik a lelki s\u00e9r\u00fcl\u00e9sek megold\u00e1s\u00e1ra, ez\u00e9rt bel\u00f6ktek egy olyan vil\u00e1gba, ahol folyamatos kr\u00edzis \u00fczemm\u00f3dban p\u00f6r\u00f6gsz, a f\u00fcleden folyik ki az adrenalin \u00e9s nincs id\u0151d a saj\u00e1t nyomorodon merengeni. Ha nem tudsz k\u00fcl\u00f6nbs\u00e9get tenni a fantasztikum \u00e9s a val\u00f3s\u00e1g k\u00f6z\u00f6tt, akkor a &#8222;norm\u00e1lis&#8221; helyett vet\u0151dj bele a titkos-szekt\u00e1s, \u00fcgyn\u00f6k\u00f6s, alvil\u00e1gi \u00e9letbe, ahol am\u00fagy sem a &#8222;rendes emberek&#8221; szab\u00e1lyai szerint m\u0171k\u00f6dnek a dolgok. Csod\u00e1latosan f\u00e9lelmetes \u00e9s hat\u00e9kony az emberi elme, ha adapt\u00e1l\u00f3d\u00e1sr\u00f3l van sz\u00f3, b\u00e1r mindig vannak maradand\u00f3 s\u00e9r\u00fcl\u00e9sek. K\u00e9t h\u00f3nap fesz\u00edtett temp\u00f3 el\u00e9g volt ahhoz, hogy m\u00e1r azt tudjam mondani, hogy az ott az \u00e9n \u00e9letem, azok ott az \u00e9n k\u00f6z\u00f6ss\u00e9gem, az ott az \u00e9n hitvall\u00e1som &#8211; ez vagyok \u00e9n. M\u00e9g akkor is, ha igaz\u00e1n pontosan meg sem tudom mondani, hogy akkor most ki vagyok \u00e9n?<\/p>\n<p>Belegondolni sem merek, hogy milyen lett volna, ha a Rend tagjai \u00e1ldozatk\u00e9nt kezelnek az elej\u00e9n \u00e9s k\u00edm\u00e9letesen d\u00e9delgetnek a s\u00e9r\u00fcl\u00e9sekkel egy\u00fctt. R\u00e1ad\u00e1sul nem csak engem, hanem mindannyiunkat egyszerre. Eg\u00e9szen biztosan \u00f6sszezuhanunk \u00e9s sz\u00e9tes\u00fcnk. Most valahogy\u2026 m\u00e1s. Neh\u00e9z, de nem roppanok \u00f6ssze a s\u00faly alatt. Egy nehezen elfogadhat\u00f3 realit\u00e1s, aminek vannak szab\u00e1lyai \u00e9s keretei, hat\u00e1sok \u00e9s ellenhat\u00e1sok. Egy rendezetts\u00e9g, amit v\u00e9g\u00fcl el tudok fogadni az el\u0151z\u0151 szab\u00e1lyrendszer helyett.<\/p>\n<p>Nem \u00e1rt ezt \u00e9szben tartani, ha t\u00e9nyleg komolyan tolni fogjuk ezt a Szabad\u00edtm\u00e1ny dolgot \u00e9s el\u0151bb-ut\u00f3bb a mi \u00f6l\u00fcnkbe is hullanak frissen szabadultak. Feladat kell, c\u00e9lok kellenek, ir\u00e1nymutat\u00e1s kell, mivel nek\u00fcnk sincs eszk\u00f6z\u00fcnk arra, hogy a traum\u00e1kat kezelj\u00fck. Persze mindezekhez nek\u00fcnk is rengeteg k\u00e9rd\u00e9st kell feltenn\u00fcnk, ha fel akarunk k\u00e9sz\u00fclni arra, hogy rengeteg v\u00e1laszt kell majd adnunk.\u00a0Semmit nem seg\u00edt ebben, hogy szinte v\u00e9gtelen az inform\u00e1ci\u00f3 \u00e9s rettenetesen kev\u00e9s az id\u0151 tanulni. A Rend sz\u00e1nd\u00e9kosan eltitkol dolgokat, amiket m\u00e9g, vagy egy\u00e1ltal\u00e1n nem k\u00e9ne tudnunk szerint\u00fck. M\u00e1sr\u00e9szt nem sz\u00e1nd\u00e9koltan kifelejt fontos dolgokat, amik sz\u00e1mukra m\u00e1r annyira trivi\u00e1lis cselekv\u00e9sek, hogy esz\u00fckbe sem jut m\u00e1r, hogy egy \u00fajsz\u00fcl\u00f6ttnek minden vicc \u00faj.<\/p>\n<p>Nem eg\u00e9sz egy h\u00e9t telt el, eg\u00e9szen pontosan n\u00e9gy nap \u00f6sszez\u00e1rva a kish\u00e1zban (ami az\u00e9rt nem is olyan kicsi, f\u0151leg ha takar\u00edt\u00e1sr\u00f3l van sz\u00f3) Noell\u00e1val \u00e9s feler\u00e9szben QT-val, \u00e9s t\u00f6bb dolgot tanulhattam az elcser\u00e9lt m\u00e1gi\u00e1r\u00f3l, a glam\u00farr\u00f3l, az \u00e9rzelmekr\u0151l, a S\u00f6v\u00e9nyr\u0151l \u00e9s az Uradalmak jogos \u00e9s t\u00faltolt paranoi\u00e1j\u00e1r\u00f3l, mint a k\u00e9t h\u00f3nap alatt \u00f6sszesen. Term\u00e9szetesen d\u00fch\u00f6s vagyok \u00e9s let\u00e1madn\u00e1m Andr\u00e9t, Dixie-t, Trixie-t, mindenkit \u00e9s b\u00e1rkit, akire egy kicsit is vezet\u0151k\u00e9nt tekintek \u00e9rz\u00e9sem szerint, hogy mi\u00e9rt nem oktattak, mi a fen\u00e9re v\u00e1rtak \u00e9s v\u00e1rnak m\u00e9g? De pr\u00f3b\u00e1lok lenyugodni \u00e9s elfogadni, hogy hi\u00e1ba tizen\u00e9ves el\u0151ny\u00f6k, ez m\u00e9g mindig, m\u00e9g a &#8222;nagyoknak&#8221; is csak egy vak-vezet-vil\u00e1gtalant helyzet \u00e9s menet k\u00f6zben tanulj\u00e1k folyamatosan, hogyan lehet a saj\u00e1t elcseszett l\u00e9tez\u00e9s\u00fck meg\u00e9l\u00e9se mellett a k\u00f6z\u00f6ss\u00e9get \u00f6sszetartani \u00e9s m\u00e1s szerencs\u00e9tlenek h\u00f3na al\u00e1 ny\u00falni, hogy ne em\u00e9ssz\u00e9k el magukat.<\/p>\n<p>Fogalmam sincs, hogyan fogunk helyt\u00e1llni. Fogalmam sincs, hogyan fogunk megismerkedni olyan m\u00e1s k\u00f6z\u00f6ss\u00e9gekkel, akik rettegnek att\u00f3l, hogy az \u00faj, ismeretlen arc m\u00f6g\u00f6tt egy Fae szolg\u00e1ja is rejt\u0151zhet, egy k\u00e9m, egy \u00e1rul\u00f3. Fogalmam sincs, hogyan birk\u00f3zunk meg a saj\u00e1t potenci\u00e1lis gyilkosainkkal, hi\u00e1ba \u00e1ll rendelkez\u00e9s\u00fcnkre minden inform\u00e1ci\u00f3, ha egyszer m\u00e9g jobb\u00e1ra \u00e1rtatlanok. Fogalmam sincs, hogyan \u00e9lj\u00fcnk egy igaz \u00e9letet, amikor hazugs\u00e1gokb\u00f3l kell v\u00e1rat \u00e9p\u00edten\u00fcnk, hogy egy\u00e1ltal\u00e1n \u00e9letben maradjunk.<\/p>\n<p>Mindegy, megl\u00e1tjuk. QT holnap reggel visszamegy P\u00e1rizsba a cuccaimmal, d\u00e9lut\u00e1n meg \u00e9rkezik a Szabad\u00edtm\u00e1ny \u00e9s Michel koncertet ad egy tucat Elcser\u00e9ltnek. Azt\u00e1n majd lesz valahogy, megy\u00fcnk valahova, csin\u00e1lunk valamit. Adapt\u00e1l\u00f3dunk \u00e9s helyt\u00e1llunk. Mivel m\u00e1s lehet\u0151s\u00e9g\u00fcnk nincsen \u00e9s rem\u00e9nyked\u00fcnk, hogy k\u00f6zben nem vesz\u00edtj\u00fck el a fog\u00e1sunkat a val\u00f3s\u00e1gon. Ha valaki, akiben b\u00edzom, azt mondja &#8222;rohanj&#8221; &#8211; akkor rohanok, ha azt mondja &#8222;fek\u00fcdj&#8221; &#8211; akkor vet\u0151d\u00f6k.<\/p>\n<p>Csak legyen mindig valaki, akiben b\u00edzni lehet.<\/p>\n","protected":false},"excerpt":{"rendered":"<p>Redund\u00e1ns Napl\u00f3m! T\u00f6k\u00e9letes egzisztenci\u00e1lis kr\u00edzis \u00fczemm\u00f3d. Az. Sokat seg\u00edtettek a besz\u00e9lget\u00e9sek, nem kev\u00e9s pia (ugyan az depressz\u00e1ns, de baszni bele) \u00e9s 3-4 Migralgine. Celine megk\u00edn\u00e1lt egy f\u00fcves cigivel is, de Noella lebesz\u00e9lt r\u00f3la, szerinte \u00e9ppen el\u00e9g, hogy \u00f3pi\u00e1tot keverek alkohollal. Mindezek ut\u00e1n sim\u00e1n felsz\u00edvott egy cs\u00edk kokaint. Na, ez a bekezd\u00e9s pont j\u00f3l jelk\u00e9pezi, hogy [&hellip;]<\/p>\n","protected":false},"author":2,"featured_media":0,"comment_status":"open","ping_status":"open","sticky":false,"template":"","format":"standard","meta":{"footnotes":""},"categories":[1],"tags":[23,28,24],"class_list":["post-681","post","type-post","status-publish","format-standard","hentry","category-autre","tag-blog","tag-catherine","tag-confidentiel"],"_links":{"self":[{"href":"https:\/\/blog.icwt.hu\/ctl-paris\/wp-json\/wp\/v2\/posts\/681","targetHints":{"allow":["GET"]}}],"collection":[{"href":"https:\/\/blog.icwt.hu\/ctl-paris\/wp-json\/wp\/v2\/posts"}],"about":[{"href":"https:\/\/blog.icwt.hu\/ctl-paris\/wp-json\/wp\/v2\/types\/post"}],"author":[{"embeddable":true,"href":"https:\/\/blog.icwt.hu\/ctl-paris\/wp-json\/wp\/v2\/users\/2"}],"replies":[{"embeddable":true,"href":"https:\/\/blog.icwt.hu\/ctl-paris\/wp-json\/wp\/v2\/comments?post=681"}],"version-history":[{"count":0,"href":"https:\/\/blog.icwt.hu\/ctl-paris\/wp-json\/wp\/v2\/posts\/681\/revisions"}],"wp:attachment":[{"href":"https:\/\/blog.icwt.hu\/ctl-paris\/wp-json\/wp\/v2\/media?parent=681"}],"wp:term":[{"taxonomy":"category","embeddable":true,"href":"https:\/\/blog.icwt.hu\/ctl-paris\/wp-json\/wp\/v2\/categories?post=681"},{"taxonomy":"post_tag","embeddable":true,"href":"https:\/\/blog.icwt.hu\/ctl-paris\/wp-json\/wp\/v2\/tags?post=681"}],"curies":[{"name":"wp","href":"https:\/\/api.w.org\/{rel}","templated":true}]}}