{"id":667,"date":"2021-09-26T22:10:02","date_gmt":"2021-09-26T21:10:02","guid":{"rendered":"https:\/\/blog.icwt.hu\/ctl-paris\/?p=667"},"modified":"2021-09-26T22:11:59","modified_gmt":"2021-09-26T21:11:59","slug":"homok-a-turmixgepben","status":"publish","type":"post","link":"https:\/\/blog.icwt.hu\/ctl-paris\/2021\/09\/26\/homok-a-turmixgepben\/","title":{"rendered":"Homok a turmixg\u00e9pben"},"content":{"rendered":"<p><strong>Clarity: 4<\/strong><\/p>\n<p>Van, amikor az seg\u00edt, ha kikapcsolj\u00e1k az ember agy\u00e1t, ha m\u00e1r mag\u00e1t\u00f3l nem \u00e1ll le, \u00e9s csak keringenek a gondolatok, mint forg\u00f3sz\u00e9lben a homok, vagy turmixg\u00e9pben az agyvel\u0151.<br \/>\nBarbara fej\u00e9ben fellobbantak \u00e9s elhamvadtak az \u00f6tletek, de m\u00e9g \u00edgy is t\u00fal sok hallatszott ki. Egy darabig biztos horgonynak t\u0171nt a lev\u00e1gott feje annak a M\u00e1sik Barbar\u00e1nak, aki itt volt azalatt, am\u00edg Barbara nem \u2014 azt\u00e1n az is csak h\u00fazta lefel\u00e9.<br \/>\n<em>Ideje lenne valaki m\u00e1ss\u00e1 v\u00e1lni.<\/em><br \/>\nIdeje lenne megtudni, hogy kit \u00e1stak el a homokos tengerparton.<br \/>\n<em>T\u00e9nyleg? Kit \u00e9rdekel?<\/em><br \/>\nEgyszer\u0171bb f\u0151zni m\u00e9g egy k\u00e1v\u00e9t, koncentr\u00e1lni a k\u00f6vetkez\u0151 eb\u00e9dre, a k\u00f6vetkez\u0151 szavakra, \u00e9s csak haladni el\u0151re, nem?<\/p>\n<p>Barbara eml\u00e9kezett arra, hogy valamikor mit \u00e9rzett volna a sorozatgyilkos gy\u0171jtem\u00e9nye l\u00e1tt\u00e1n. M\u00e9lyen, a gyomr\u00e1ban m\u00e9g mindig ott l\u00fcktetett az undor, meg az iszonyat is a maga h\u00e1rty\u00e1s l\u00e1baival, de fel\u00fcl csak a felh\u00e1borod\u00e1s \u00e9s az elemi f\u00e9lelem maradt meg, hogy \u0151t \u00f6lte meg. T\u0151le vette el a ruh\u00e1it.<br \/>\n\u2026 Vagy persze lehet, hogy csak ez a t\u00edpus volt Barbara, v\u00e9letlen az eg\u00e9sz nem? Mi\u00e9rt kellene \u00f6ssze\u00e1llnia mindennek egy t\u00f6rt\u00e9netbe? Mi\u00e9rt nem eshet sz\u00e9t a vil\u00e1g, mint egy mar\u00e9k homok?!<br \/>\nAnnyira j\u00f3 lenne mindent elfelejteni t\u00e9nyleg. Annyira j\u00f3 lenne, ha a m\u00faltjuk nem kapaszkodna bel\u00e9j\u00fck ezer apr\u00f3 horoggal. Hal\u00e1los fenyeget\u00e9sekkel.<\/p>\n<p>\u00c9s k\u00f6zben m\u00e9g m\u0171k\u00f6dnek a r\u00e9gi rutinok. Az \u00e9n nevemben ne\u2026<\/p>\n<p>Ma d\u00e9lut\u00e1n magamba olvasztottam egy darabot egy formalinban \u00e1z\u00f3 fej belsej\u00e9b\u0151l. Mik\u00f6zben a k\u00e9t orvos a m\u0171t\u0151ben elsz\u00f3rakozgatott vele, fel-al\u00e1 j\u00e1rk\u00e1ltam, babr\u00e1ltam az \u00faj mobillal, amit Michel szerzett be alig m\u00e1sf\u00e9l \u00f3r\u00e1ja, \u00e9s m\u00e9g nem d\u00f6nt\u00f6ttem el, hogy kicser\u00e9ljem-e a m\u00e1sik sz\u00edn\u0171re, vagy sem, \u00e9s be\u00edrtam majd kit\u00f6r\u00f6ltem SMS-ek sz\u00f6vegeit, amiket v\u00e9letlenszer\u0171 ismer\u0151seimnek szerettem volna elk\u00fcldeni. Van, akinek csak egy k\u00e9rd\u00e9s, hogy szeretne-e megint bajba ker\u00fclni, mert elmondok valamit, valakit \u00fajra-\u00e9s-\u00fajra faggatni a b\u00e1ty\u00e1mr\u00f3l \u2014 l\u00e9tezett-e? <em>Meg kell n\u00e9znem a levelet. Vannak a k\u00e9pek?<\/em> Meg kell k\u00e9rdeznem, hogy j\u00f3l eml\u00e9kszem-e, \u00e9s t\u00e9nyleg l\u00e9tezett-e, t\u00e9nyleg \u00fagy n\u00e9z ki ahogy eml\u00e9kszem. MIT TUDSZ R\u00d3LAM, AMIT NEM MERT\u00c9L ELMONDANI?!<br \/>\nBiztos velem tal\u00e1lkoztak? Nem csak egy nagy \u00f6sszeesk\u00fcv\u00e9s minden, amit kor\u00e1bban hallottam?<br \/>\nK\u00e9t Barbar\u00e1r\u00f3l tudok eddig \u2014 \u00e9s egy m\u00e1solatr\u00f3l. Vagy az egyik volt a m\u00e1solatom a kett\u0151 k\u00f6z\u00fcl? H\u00e1ny r\u00e9tegben lehet leh\u00e1ntani a szem\u00e9lyis\u00e9geket al\u00f3lam?<\/p>\n<p>K\u00f6zben Michel \u00e9s Gerard fel akarnak \u00e9breszteni egy sz\u00f6rnyet a szerverben. H\u00fclye \u00f6tletnek t\u00f6k\u00e9letes, de k\u00f6ny\u00f6rg\u00f6m, ne akarjuk megintellektualiz\u00e1lni, hogy mi\u00e9rt ez az \u00fcdv\u00f6s megold\u00e1s, hogy majd pont mi mi\u00e9rt uraln\u00e1nk jobban. Mintha nem lenne am\u00fagy is el\u00e9g bajunk.<\/p>\n<p>\u2026de persze, ha csak kicsit k\u00e9rdezn\u00e9nk meg? Ha csak tan\u00e1csot k\u00e9rn\u00e9nk az aktu\u00e1lis helyzetr\u0151l, kez\u00fcnkkel a power-gombon\u2026? K\u00f6vetkezetess\u00e9g? Barbara, legal\u00e1bb ez biztosan nem a neved.<\/p>\n<p>Mindegy, ezt a h\u00e1ny\u00f3sv\u00f6dr\u00f6t r\u00fagja fel m\u00e1s, nekem vannak m\u00e1s \u00f6tleteim. Amikor \u00e9pp l\u00e1tok fonalat, felveszem. Le vagyok mer\u00fclve. (<em>Glamour 5 , \u00e9s cs\u00f6kken, Resolve 1<\/em>)<br \/>\nEl kellene menni felt\u00f6ltekezni \u2014 a m\u00faltkor majdnem elkaptak az \u00e1ruh\u00e1zban az \u0151r\u00f6k, az el\u00e9g j\u00f3 volt, de ez most nem el\u00e9g. Ha picit figyelek, akkor a hal\u00e1lpap d\u00f6bbenet\u00e9b\u0151l t\u00e1n lehetett volna er\u0151t szerezni, de elfelejtettem. Mi v\u00e1lt ki nagy\u00fczemi \u00e9rzelmeket gyorsan \u00e9s hat\u00e9konyan? R\u00e1d\u00f6bbenteni egy t\u00e1rsash\u00e1zat arra, hogy sorozatgyilkos lakott benne? Mehh, ennyire nem ut\u00e1lom az Obszidi\u00e1n fej\u00e9t.<br \/>\nValami botr\u00e1nyt k\u00e9ne rendezni, ami nagyot sz\u00f3l ott helyben. T\u00faszdr\u00e1ma az \u00e1ruh\u00e1zban, amiben mind az elk\u00f6vet\u0151k, mind a rendfenntart\u00f3k elcser\u00e9ltek, \u00e9s akkor jut a f\u00e9lelemb\u0151l \u00e9s jut a h\u00e1l\u00e1b\u00f3l is. Meg az izgalomb\u00f3l.<br \/>\nAm\u00edg ezt nem hozzuk \u00f6ssze, addig marad a kisst\u00edl\u0171 hiszti, bocsi, semmi szem\u00e9lyes, sz\u00fcks\u00e9gem van az \u00e9rzelmeidre, haver.<\/p>\n","protected":false},"excerpt":{"rendered":"<p>Clarity: 4 Van, amikor az seg\u00edt, ha kikapcsolj\u00e1k az ember agy\u00e1t, ha m\u00e1r mag\u00e1t\u00f3l nem \u00e1ll le, \u00e9s csak keringenek a gondolatok, mint forg\u00f3sz\u00e9lben a homok, vagy turmixg\u00e9pben az agyvel\u0151. Barbara fej\u00e9ben fellobbantak \u00e9s elhamvadtak az \u00f6tletek, de m\u00e9g \u00edgy is t\u00fal sok hallatszott ki. Egy darabig biztos horgonynak t\u0171nt a lev\u00e1gott feje annak a [&hellip;]<\/p>\n","protected":false},"author":5,"featured_media":0,"comment_status":"open","ping_status":"open","sticky":false,"template":"","format":"standard","meta":{"footnotes":""},"categories":[14],"tags":[26,23],"class_list":["post-667","post","type-post","status-publish","format-standard","hentry","category-changelin","tag-barbara","tag-blog"],"_links":{"self":[{"href":"https:\/\/blog.icwt.hu\/ctl-paris\/wp-json\/wp\/v2\/posts\/667","targetHints":{"allow":["GET"]}}],"collection":[{"href":"https:\/\/blog.icwt.hu\/ctl-paris\/wp-json\/wp\/v2\/posts"}],"about":[{"href":"https:\/\/blog.icwt.hu\/ctl-paris\/wp-json\/wp\/v2\/types\/post"}],"author":[{"embeddable":true,"href":"https:\/\/blog.icwt.hu\/ctl-paris\/wp-json\/wp\/v2\/users\/5"}],"replies":[{"embeddable":true,"href":"https:\/\/blog.icwt.hu\/ctl-paris\/wp-json\/wp\/v2\/comments?post=667"}],"version-history":[{"count":0,"href":"https:\/\/blog.icwt.hu\/ctl-paris\/wp-json\/wp\/v2\/posts\/667\/revisions"}],"wp:attachment":[{"href":"https:\/\/blog.icwt.hu\/ctl-paris\/wp-json\/wp\/v2\/media?parent=667"}],"wp:term":[{"taxonomy":"category","embeddable":true,"href":"https:\/\/blog.icwt.hu\/ctl-paris\/wp-json\/wp\/v2\/categories?post=667"},{"taxonomy":"post_tag","embeddable":true,"href":"https:\/\/blog.icwt.hu\/ctl-paris\/wp-json\/wp\/v2\/tags?post=667"}],"curies":[{"name":"wp","href":"https:\/\/api.w.org\/{rel}","templated":true}]}}