{"id":639,"date":"2021-09-10T17:54:52","date_gmt":"2021-09-10T16:54:52","guid":{"rendered":"https:\/\/blog.icwt.hu\/ctl-paris\/?p=639"},"modified":"2021-09-10T17:59:06","modified_gmt":"2021-09-10T16:59:06","slug":"zavar-az-idoben","status":"publish","type":"post","link":"https:\/\/blog.icwt.hu\/ctl-paris\/2021\/09\/10\/zavar-az-idoben\/","title":{"rendered":"Zavar az id\u0151ben"},"content":{"rendered":"<p>Az a baj az id\u0151utaz\u00e1ssal, hogy pont ugyanannyira val\u00f3sz\u00edn\u0171tlen, mint egy-egy \u00e1lom. Amikor Barbara mag\u00e1hoz t\u00e9r &#8211; hi\u00e1ba besz\u00e9lt el\u0151tte, de m\u00e1r elvonta a figyelm\u00e9t valami az ablakon t\u00fal, azt\u00e1n Virginie hisztizve otthagyja a t\u00e1rsalg\u00e1st (t\u00e9nyleg \u0151 gy\u00fajtogat mindent mert a faszija fasz volt?) -, egy pillanatra t\u00e9nyleg azt hiszi, hogy \u00e1lom volt az elk\u00f6vetkez\u0151 k\u00e9t nap vagy mennyi.<\/p>\n<p>Kid\u00f6rzs\u00f6li a szem\u00e9b\u0151l a homokot &#8211; haha, ez angolul jobban hangzana -, \u00e9s but\u00e1n n\u00e9z \u00f6ssze a t\u00f6bbiekkel.<br \/>\nVajon az agy vagy test m\u00e1snapos? Az ut\u00f3bbi, mert a b\u00e1gyadt, \u00fasz\u00f3 r\u00e9szegs\u00e9gb\u0151l lass\u00fa \u00e9bred\u00e9s maradt. M\u00e1skor is \u00edgy kell ber\u00fagni, \u00e1llap\u00edtja meg, egy villan\u00e1s, \u00e9s m\u00e1r kimaradt a m\u00e1snaposs\u00e1g.<\/p>\n<p>Ezt a besz\u00e9lget\u00e9st meg hagyjuk a pics\u00e1ba, sz\u00f3l az \u00e1ltal\u00e1nos v\u00e9lem\u00e9ny, lej\u00e1tszottuk m\u00e1r egyszer, \u00e9s Trixie is pont n\u00e9z ki, mint akinek ezer m\u00e1s dolga van m\u00e1shol.<\/p>\n<p>Sokkal kellemesebb most Barbar\u00e1nak lenni, mint k\u00e9t nap m\u00falva. M\u00e9g akkor is, ha a pizzarendel\u00e9sn\u00e9l sik\u00edtva \u00f6sszeszorul a gyomra, \u00e9s mindent megtesz az\u00e9rt, hogy nem eszi meg \u00fajra ugyanazt a k\u00f6rt bel\u0151le, ami imm\u00e1r term\u00e9szetes megbesz\u00e9l\u00e9s-k\u00eds\u00e9r\u0151v\u00e9 v\u00e1lt.<br \/>\nNem tudja, hogy az\u00e9rt-e, mert t\u00e9nyleg elege van bel\u0151le, az\u00e9rt, mert esz\u00e9be jutott, hogyha valaki f\u0151z, akkor az az\u00e9rt sokkal jobb, vagy megijesztette, hogy az \u00e9lete mostant\u00f3l egy falit\u00e1bla el\u0151tt zajlik, bok\u00e1ig pizz\u00e1sdobozokban \u00e9s energiaitalokban.<br \/>\nAz els\u0151 dolgom az lesz, hogy lemegyek a h\u00e1rom utc\u00e1nyira l\u00e9v\u0151 fancy k\u00e1v\u00e9z\u00f3ba, \u00e9s megtanulom a kibaszott latteartot, miel\u0151tt a h\u00e1romazegybent \u00f6nt\u00f6m le a torkomon sz\u00e1razon egy k\u00f6vetkez\u0151 k\u00f6rben.<\/p>\n<p>Dolgok vannak, amiket sorba k\u00e9ne rakni. Egyr\u00e9szt, itt van ez a rettenetes obszidi\u00e1nt\u00f6mb, aki csak \u00fagy \u00fari passzi\u00f3b\u00f3l \u00e9vtizedes h\u00e1bor\u00fakat robbant ki, mert \u00e9pp olyanja van &#8211; \u00e9s nem az zavarja Barbar\u00e1t, hogy ezt teszi, h\u00e1t ki nem szokott v\u00e9letlen\u00fcl elp\u00f6ccinteni egy l\u00e1ngol\u00f3 gyufasz\u00e1lat egy olajjal \u00e1titatott k\u00f6nyvt\u00e1rban. Hanem az, hogy Barbara lev\u00e1gott feje is ott figyel egy polcon, \u00e9s Barbara nem viseli k\u00f6nnyen, ha belekavarnak a saj\u00e1t dolg\u00e1ba, pl\u00e1ne \u00fagy, ha azt \u0151 maga is kit\u0171n\u0151en k\u00e9pes lenne csin\u00e1lni. Gerarddal csak a baj van, mi\u00f3ta meg\u00e9rkezett. Val\u00f3sz\u00edn\u0171leg, b\u00e1r azt Barbara nem l\u00e1tta.<\/p>\n<p>Ha nem siker\u00fcl v\u00e9g\u00fcl Belg\u00e1val lefoglalnia mag\u00e1t Barbar\u00e1nak a buli ut\u00e1n, akkor lehet, hogy ugyan\u00fagy kirobban ez a szar, mert a B terv a saj\u00e1t feje ellop\u00e1sa \u00e9s a lak\u00e1s felgy\u00fajt\u00e1sa volt. Ez ut\u00f3bbi eszk\u00f6z h\u00edj\u00e1n izgalmas lett volna, de mondjuk el\u00e9g, ha a rend\u0151rs\u00e9get kih\u00edvj\u00e1k a bet\u00f6r\u00e9sre.<br \/>\nMilyen szerencse, hogy minden m\u00e1shogy alakult, mi?<\/p>\n<p>Miut\u00e1n felrajzolta megint eml\u00e9kei alapj\u00e1n a teljes \u00e1br\u00e1t az elker\u00fclend\u0151 j\u00f6v\u0151r\u0151l, a meg nem t\u00f6rt\u00e9nt nyomoz\u00e1si \u00e1br\u00e1t is reproduk\u00e1lta, \u00e9s pizza helyett v\u00e9g\u00fcl egy \u00e9tteremb\u0151l hozatott el kaj\u00e1t, Barbara gondolatai megint ak\u00f6r\u00fcl forognak (kez\u00e9ben egy valakihez tartoz\u00f3 kocsikulccsal, na ez vajon elcser\u00e9lt\u00e9 vagy ember\u00e9?), hogy hogy j\u00f6n \u00f6ssze az a kev\u00e9s eml\u00e9k a testv\u00e9r\u00e9vel azzal, hogy \u0151 m\u00e9g F\u00e9lixig is eljutott az AI ut\u00e1ni nyomoz\u00e1sban. Vagy miben is?<br \/>\nAmennyire izgalmas ez a narrat\u00edva, annyira ijeszt\u0151 &#8211; m\u00e9gis, egy Barbara mit keresett a b\u0171nelh\u00e1r\u00edt\u00e1sban? \u2026 Vagy az Adelaide volt? Az egy dolog, amiben biztos volt, az a neve, ez\u00e9rt is mondott m\u00e1sikat, amir\u0151l azt\u00e1n kider\u00fclt, hogy az _is_ igaz.<\/p>\n<p>Valaki fejbedobja egy ki\u00fcr\u00fclt dobozzal. K\u00e9rdeztek valamit. \u201cPersze. Legal\u00e1bb k\u00e9tszer.\u201d<br \/>\nMi volt a k\u00e9rd\u00e9s?<\/p>\n<p>A vil\u00e1g darabokra szakadt, az egyikben Barbara \/ Adelaide \u00e1ll egy t\u00e1bla el\u0151tt \u00e9s postiteket ragasztgat, \u00e9s mindennek pizzaszaga van. A m\u00e1sikban\u2026 az el\u0151bb m\u00e9g megvolt. Mi volt az a film, amit megn\u00e9zt\u00fcnk\u2026?<\/p>\n<p>Nem szabad ennyi ideig cs\u00f6ndben maradni. Akkor j\u00f6nnek a gondolatok a szavak hely\u00e9be.<\/p>\n","protected":false},"excerpt":{"rendered":"<p>Az a baj az id\u0151utaz\u00e1ssal, hogy pont ugyanannyira val\u00f3sz\u00edn\u0171tlen, mint egy-egy \u00e1lom. Amikor Barbara mag\u00e1hoz t\u00e9r &#8211; hi\u00e1ba besz\u00e9lt el\u0151tte, de m\u00e1r elvonta a figyelm\u00e9t valami az ablakon t\u00fal, azt\u00e1n Virginie hisztizve otthagyja a t\u00e1rsalg\u00e1st (t\u00e9nyleg \u0151 gy\u00fajtogat mindent mert a faszija fasz volt?) -, egy pillanatra t\u00e9nyleg azt hiszi, hogy \u00e1lom volt az elk\u00f6vetkez\u0151 [&hellip;]<\/p>\n","protected":false},"author":5,"featured_media":0,"comment_status":"open","ping_status":"open","sticky":false,"template":"","format":"standard","meta":{"footnotes":""},"categories":[14,9],"tags":[26,23],"class_list":["post-639","post","type-post","status-publish","format-standard","hentry","category-changelin","category-paris","tag-barbara","tag-blog"],"_links":{"self":[{"href":"https:\/\/blog.icwt.hu\/ctl-paris\/wp-json\/wp\/v2\/posts\/639","targetHints":{"allow":["GET"]}}],"collection":[{"href":"https:\/\/blog.icwt.hu\/ctl-paris\/wp-json\/wp\/v2\/posts"}],"about":[{"href":"https:\/\/blog.icwt.hu\/ctl-paris\/wp-json\/wp\/v2\/types\/post"}],"author":[{"embeddable":true,"href":"https:\/\/blog.icwt.hu\/ctl-paris\/wp-json\/wp\/v2\/users\/5"}],"replies":[{"embeddable":true,"href":"https:\/\/blog.icwt.hu\/ctl-paris\/wp-json\/wp\/v2\/comments?post=639"}],"version-history":[{"count":0,"href":"https:\/\/blog.icwt.hu\/ctl-paris\/wp-json\/wp\/v2\/posts\/639\/revisions"}],"wp:attachment":[{"href":"https:\/\/blog.icwt.hu\/ctl-paris\/wp-json\/wp\/v2\/media?parent=639"}],"wp:term":[{"taxonomy":"category","embeddable":true,"href":"https:\/\/blog.icwt.hu\/ctl-paris\/wp-json\/wp\/v2\/categories?post=639"},{"taxonomy":"post_tag","embeddable":true,"href":"https:\/\/blog.icwt.hu\/ctl-paris\/wp-json\/wp\/v2\/tags?post=639"}],"curies":[{"name":"wp","href":"https:\/\/api.w.org\/{rel}","templated":true}]}}