{"id":618,"date":"2021-08-15T17:53:37","date_gmt":"2021-08-15T16:53:37","guid":{"rendered":"https:\/\/blog.icwt.hu\/ctl-paris\/?p=618"},"modified":"2021-08-15T18:21:38","modified_gmt":"2021-08-15T17:21:38","slug":"michel-blog-2005-00","status":"publish","type":"post","link":"https:\/\/blog.icwt.hu\/ctl-paris\/2021\/08\/15\/michel-blog-2005-00\/","title":{"rendered":"Michel \u2022 Blog \u2013 2005\/00"},"content":{"rendered":"<p>-1. bejegyz\u00e9s<\/p>\n<p>Mondtam, hogy el\u0151fordulhat.<\/p>\n<p>Min\u00e9l t\u00f6bbre eml\u00e9kszem vissza abb\u00f3l, amit Oda\u00e1t m\u0171veltem, ann\u00e1l ink\u00e1bb \u00f6r\u00fcl\u00f6k, hogy ezzel egyed\u00fcl vagyok. Valamelyik nap az Amazon feldobta a Patk\u00e1nykir\u00e1lyt James Clavellt\u0151l. Nem tudom, megdics\u00e9rjem-e, ami\u00e9rt a k\u00e9ts\u00e9geim k\u00f6zep\u00e9be tal\u00e1lt.<\/p>\n<p>Voltam k\u00fclv\u00e1rosi gyerek, akinek sose voltak men\u0151 cuccai, de voltak cuccai, napi h\u00e1romszor evett, \u00e9s sz\u00e1mon k\u00e9rt\u00e9k rajta a matekleck\u00e9t. Voltam hangos k\u00f6ly\u00f6k, aki aut\u00f3lop\u00e1sokban vett r\u00e9szt maximum, majd arr\u00f3l vet\u00edtett, hogy hogyan sz\u00e1ll\u00edtott drogot valami men\u0151 cs\u00e1v\u00f3nak &#8211; m\u00e1r ameddig a men\u0151cs\u00e1v\u00f3 egyik embere meg nem jelent, \u00e9s el nem magyar\u00e1zta, hogy addig menjek haza any\u00e1mhoz, am\u00edg j\u00f3 dolgom van, \u00e9s t\u00e9nyleg csak eg\u00e9szen finoman pofozott fel. Voltam fill\u00e9res amor\u00f3z\u00f3, aki mindenhez is \u00e9rtett, k\u00fcl\u00f6n\u00f6sen a n\u0151kh\u00f6z, \u00e9s nem fogta fel, hogy a vonzalom addig tart, am\u00edg meg nem volt, \u00e9s ink\u00e1bb sz\u00f3l a bevil\u00e1g\u00edt\u00e1snak \u00e9s az utcai h\u00edrn\u00e9vnek, mint a m\u00e1snapos mad\u00e1rijeszt\u0151nek, vagy b\u00e1rkinek, aki merengeni k\u00e9pes. Voltam arrog\u00e1ns takony, aki nem annyira v\u00e1gta, hogy vannak emberek, akiknek nem tan\u00e1csos nemet mondani, \u00e9s el\u0151int\u00e9zked\u00e9sek n\u00e9lk\u00fcl k\u00f6nnyen valaki vitrinj\u00e9ben v\u00e9gezheti &#8211; vagy a m\u00ednuszos b\u0171n\u00fcgyi h\u00edrek k\u00f6z\u00f6tt az \u00f6t\u00f6dik oldalon. Voltam \u00e1rucikk &#8211; az \u00e1t\u00e1ll\u00e1s biztos eltartott egy ideig, am\u00edg az engedelmess\u00e9g l\u00e1tszata m\u00f6g\u00f6tti tervezget\u00e9st m\u00e9g eggyel m\u00e9lyebbre, az \u00e1lmok \u00e9s a tudatalatti szintj\u00e9re siker\u00fclt visszapr\u00e9selni, hogy meg ne bukjon a terv id\u0151 el\u0151tt. (Az nem der\u00fclt ki, m\u0171k\u00f6d\u00f6tt-e, de biztosan nagyon lelkes voltam.) Voltam gyilkos. Kifordult urak \u00e9s \u00farn\u0151k \u00edt\u00e9letv\u00e9grehajt\u00f3ja, szavakkal \u00e9s karddal sz\u00fcgybe d\u00f6f\u0151, \u00e9s mindezt v\u00e9gtelen\u00fcl \u00e9lvez\u0151, h\u00f3naljig v\u00e9res, csipke veretes h\u00f3h\u00e9r. Voltam elhagyatott, p\u00f3kh\u00e1l\u00f3t gy\u0171jt\u00f6get\u0151 lom. Voltam rabszolga. Voltam menek\u00fclt.<\/p>\n<p>J\u00e1rtam Rouenben, Nantes-ban, Kecskem\u00e9ten, Szud\u00e1nban, a S\u00f6v\u00e9nyben, \u00e9s a sarki kebabosn\u00e1l, akinek a b\u00f3d\u00e9j\u00e1t csak az\u00e9rt nem rohanj\u00e1k le a jenkik olajat keresve, mert n\u00e9vleg francia f\u00f6ld\u00f6n \u00e1ll.<\/p>\n<p>Ellentmond\u00e1sos a viszonyom a t\u00f6rv\u00e9nnyel, mert b\u00e1r szeretem, ha valaki id\u0151nk\u00e9nt fel\u00faj\u00edtja a k\u00f6zvil\u00e1g\u00edt\u00e1st, szerintem ennek nem felt\u00e9tele, hogy a Nagy Testv\u00e9r percenk\u00e9nt megvizsg\u00e1lja a prosztat\u00e1mat eleml\u00e1mp\u00e1val. Meggy\u0151z\u0151d\u00e9sem, hogy a t\u00f6rv\u00e9nytisztelet \u00e9s az erk\u00f6lcs viszonya olyan, mint a k\u00e9k \u00e9s a ban\u00e1n viszonya.<\/p>\n<p>A Rend&#8230;? Hm. Van bennem h\u00e1la ir\u00e1ntuk, ami\u00e9rt kihoztak \u00e9s megmentettek akkor, amikor m\u00e9g nem tudtam, merre van az arccal el\u0151re. Nyilv\u00e1n nem \u00f6nzetlens\u00e9gb\u0151l, vagy nem csak \u00f6nzetlens\u00e9gb\u0151l. De nyugodtan megtehett\u00e9k volna, hogy elhajtanak minket is a ment\u0151akci\u00f3juk ut\u00e1n, hogy menj\u00fcnk, amerre l\u00e1tunk &#8211; nem tett\u00e9k. Hogy van-e Messi\u00e1s-komplexus abban, ahogy m\u0171k\u00f6dnek, ahogy m\u0171k\u00f6d\u00fcnk? Van, de ez nem \u00e1ll a j\u00f3zan m\u00e9rlegel\u00e9s \u00fatj\u00e1ba. K\u00e9ts\u00e9gem nincs afel\u0151l, hogy Szerz\u0151d\u00e9sek ide, var\u00e1zser\u0151 oda, ha gyenges\u00e9get mutatn\u00e1nk, sim\u00e1n bepr\u00f3b\u00e1lkozna vel\u00fcnk a p\u00e1rizsi d\u00edszes komp\u00e1ni\u00e1k b\u00e1rmelyike, hogy a rend \u00e9ber \u0151reir\u0151l ne is besz\u00e9lj\u00fcnk. Emiatt valamennyire musz\u00e1j er\u0151t mutatni. Persze, a Rend nem egy egys\u00e9ges eg\u00e9sz. Egyr\u00e9szt vannak tagok, akik nem szem\u00e9lyes okb\u00f3l kock\u00e1ztatt\u00e1k az \u00e9let\u00fcnket, amikor m\u00e9g a segg\u00fcnk\u00f6n volt a toj\u00e1sh\u00e9j, de nekik nem szem\u00e9lyesen a kurva anyjukat a ravatalon. M\u00e1sr\u00e9szt a tags\u00e1gi esk\u00fc sem mindenhat\u00f3 &#8211; am\u00edg le nem buktak, \u00e9s el nem nyert\u00e9k m\u00e9lt\u00f3 b\u00fcntet\u00e9s\u00fcket, a Wyrd nem l\u00e9pett fel ellen\u00fck. Vagy nem k\u00f6zvetlen\u00fcl, mit tudom \u00e9n, a Wyrd nem nekem jelent.<\/p>\n<p>Szerintem siker\u00fclt berendezkednem itt. Tudok p\u00e1r dolgot, amit csak kevesen tudnak ut\u00e1nam csin\u00e1lni. M\u00e1sok meg tudnak dolgokat, amiket \u00e9n nem tudok ut\u00e1nuk csin\u00e1lni, \u00edgy van okom a szer\u00e9nys\u00e9gre. Hiszek abban, hogy nem kell mindig minden tr\u00fckk\u00f6t megmutatni. Meggy\u0151z\u0151d\u00e9sem, hogy a boldogs\u00e1g csak \u00f6t percig tart, az el\u00e9gedetts\u00e9g ellenben j\u00f3l kit\u00f6lt egy napot.<\/p>\n<p>Lassan tal\u00e1n eleget tudok majd err\u0151l az \u00e1llatkertr\u0151l, hogy hosszabb t\u00e1v\u00fa c\u00e9ljaim is legyenek &#8211; ez szerintem sz\u00fcks\u00e9ges luxus. Mondjuk gyan\u00fas, hogy nem a kilenct\u0151l \u00f6tig, nyugd\u00edjra hajt\u00f3s, tengerparton nyaral\u00f3s elvek ment\u00e9n fogom berendezni a k\u00f6lcs\u00f6nvett id\u0151met&#8230;<\/p>\n<p>&#8222;Gott wei\u00df ich will kein Engel sein.&#8221;<\/p>\n","protected":false},"excerpt":{"rendered":"<p>-1. bejegyz\u00e9s Mondtam, hogy el\u0151fordulhat. Min\u00e9l t\u00f6bbre eml\u00e9kszem vissza abb\u00f3l, amit Oda\u00e1t m\u0171veltem, ann\u00e1l ink\u00e1bb \u00f6r\u00fcl\u00f6k, hogy ezzel egyed\u00fcl vagyok. Valamelyik nap az Amazon feldobta a Patk\u00e1nykir\u00e1lyt James Clavellt\u0151l. Nem tudom, megdics\u00e9rjem-e, ami\u00e9rt a k\u00e9ts\u00e9geim k\u00f6zep\u00e9be tal\u00e1lt. Voltam k\u00fclv\u00e1rosi gyerek, akinek sose voltak men\u0151 cuccai, de voltak cuccai, napi h\u00e1romszor evett, \u00e9s sz\u00e1mon k\u00e9rt\u00e9k rajta [&hellip;]<\/p>\n","protected":false},"author":3,"featured_media":0,"comment_status":"open","ping_status":"open","sticky":false,"template":"","format":"standard","meta":{"footnotes":""},"categories":[1],"tags":[23,24,25],"class_list":["post-618","post","type-post","status-publish","format-standard","hentry","category-autre","tag-blog","tag-confidentiel","tag-michel"],"_links":{"self":[{"href":"https:\/\/blog.icwt.hu\/ctl-paris\/wp-json\/wp\/v2\/posts\/618","targetHints":{"allow":["GET"]}}],"collection":[{"href":"https:\/\/blog.icwt.hu\/ctl-paris\/wp-json\/wp\/v2\/posts"}],"about":[{"href":"https:\/\/blog.icwt.hu\/ctl-paris\/wp-json\/wp\/v2\/types\/post"}],"author":[{"embeddable":true,"href":"https:\/\/blog.icwt.hu\/ctl-paris\/wp-json\/wp\/v2\/users\/3"}],"replies":[{"embeddable":true,"href":"https:\/\/blog.icwt.hu\/ctl-paris\/wp-json\/wp\/v2\/comments?post=618"}],"version-history":[{"count":0,"href":"https:\/\/blog.icwt.hu\/ctl-paris\/wp-json\/wp\/v2\/posts\/618\/revisions"}],"wp:attachment":[{"href":"https:\/\/blog.icwt.hu\/ctl-paris\/wp-json\/wp\/v2\/media?parent=618"}],"wp:term":[{"taxonomy":"category","embeddable":true,"href":"https:\/\/blog.icwt.hu\/ctl-paris\/wp-json\/wp\/v2\/categories?post=618"},{"taxonomy":"post_tag","embeddable":true,"href":"https:\/\/blog.icwt.hu\/ctl-paris\/wp-json\/wp\/v2\/tags?post=618"}],"curies":[{"name":"wp","href":"https:\/\/api.w.org\/{rel}","templated":true}]}}