{"id":586,"date":"2021-05-27T23:54:11","date_gmt":"2021-05-27T22:54:11","guid":{"rendered":"https:\/\/blog.icwt.hu\/ctl-paris\/?p=586"},"modified":"2021-05-28T00:03:13","modified_gmt":"2021-05-27T23:03:13","slug":"abira-blog-2005-01","status":"publish","type":"post","link":"https:\/\/blog.icwt.hu\/ctl-paris\/2021\/05\/27\/abira-blog-2005-01\/","title":{"rendered":"Abira \u2022 Blog \u2013 2005\/01"},"content":{"rendered":"<p>Nem hiszem igaz\u00e1n, ami t\u00f6rt\u00e9nik velem. Ha meg\u00e1llok egy percre, \u00e9rzem, hogy j\u00f6n a hideg t\u00e9boly, vagy valami, ez\u00e9rt ink\u00e1bb elj\u00e1rok futni. Vagy \u00fcltetek. L\u0151ni itt nem lehet, k\u00f6zel van mindenf\u00e9le iskola. Mondt\u00e1k, hogy pr\u00f3b\u00e1ljak napl\u00f3t \u00edrni, de ne f\u00fczetbe, hanem ide \u2013 m\u00e1rmint a saj\u00e1t g\u00e9pembe, amit \u00e9n v\u00e1s\u00e1roltam.\u00a0 ! . \u00a0M\u00e9g sosem \u00edrtam napl\u00f3t\u2026<\/p>\n<p>&#8212;&#8212;&#8212;&#8212;&#8212;&#8212;&#8212;&#8212;&#8212;&#8212;&#8212;&#8212;&#8212;&#8212;&#8212;&#8212;&#8212;&#8212;&#8212;&#8212;&#8212;&#8212;&#8212;&#8212;&#8212;&#8212;&#8212;&#8212;&#8212;&#8212;&#8212;&#8212;-<\/p>\n<p>Eddig m\u00e9g nem volt k\u00fcl\u00f6n szob\u00e1m &#8211; nem gyerekszob\u00e1m sem. haha. &#8211; \u00a0M\u00e1rmint Ezel\u0151tt. Most meg k\u00fcl\u00f6n lak\u00e1s. Azt hiszem tetszik, b\u00e1r furcsa az egyed\u00fcll\u00e9t. Mindenesetre j\u00f3l mutatnak a falon a tr\u00f3fe\u00e1im. K\u00e1r, hogy az egyiket elhagytam. &#8212;Nem megy m\u00e9g ez a sz\u00f6veg\u00edr\u00e1s, vagy szerkeszt\u00e9s, asszem seg\u00edts\u00e9get kell k\u00e9rnem, mondjuk Michelt\u0151l\u00a0\u00a0 ? Barbara val\u00f3sz\u00edn\u0171leg kir\u00f6h\u00f6gne. Vagy besz\u00e9lne, sokat &#8211; Jaj.<\/p>\n<p>Michel azt mondja pr\u00f3b\u00e1ljak hosszabb mondatokat, mert ez kicsit ijeszt\u0151. De bele\u00edrni nem mer, hehe. Nem \u00e9rtem mi a baja. Ok\u00e9, kicsit ideges vagyok, de rendben, legyen olyan, mint az iskol\u00e1ban. Fura az\u00e9rt g\u00e9pelni k\u00e9zzel \u00edr\u00e1s helyett, olyan szem\u00e9lytelen? Cser\u00e9be legal\u00e1bb olvashat\u00f3.<\/p>\n<p>&#8212;-{}<\/p>\n<p>Mir\u0151l \u00edrjak? Hogy hogy ker\u00fcltem ide? \u00e9n sem tudom \u2013 azt hiszem elkezdem az elej\u00e9n \u2013 m\u00e1rmint az \u00e9n \u00e9letem elej\u00e9n. N\u00e9vtelen mbaye falucsk\u00e1ban sz\u00fclettem egy viharos \u00e9jszak\u00e1n &#8211; a helysz\u00edn D\u00e9l-Cs\u00e1d, pontosabbat nem tudok.<\/p>\n<p>Any\u00e1m k\u00fcl\u00f6nleges asszony volt, l\u00e1gy \u00e9s m\u00e9gis er\u0151s, nagyon szoros volt a k\u00f6tel\u00e9k\u00fcnk, val\u00f3sz\u00edn\u0171leg mert nem lehetett t\u00f6bb gyereke. Nagy csap\u00e1snak sz\u00e1m\u00edtott ez a faluban &#8211; k\u00fcl\u00f6n\u00f6sen, hogy nemz\u0151ap\u00e1m egy arab katona volt, aki megbecstelen\u00edtette any\u00e1mat m\u00e9g eg\u00e9sz fiatal kor\u00e1ban. Ki tudja, hogy a sz\u00e9gyen miatt, vagy egy\u00e9b hatalmak k\u00f6zbenj\u00e1r\u00e1s\u00e1ra t\u00f6rt\u00e9nt, de a sz\u00fclet\u00e9sem \u00e9jszak\u00e1j\u00e1n majdnem mindketten megt\u00e9rt\u00fcnk \u0151seinkhez, \u00e9s any\u00e1m m\u00e9he kisz\u00e1radt ezut\u00e1n. Mostohaap\u00e1m karolta fel mikor m\u00e1r nagyobbacska voltam, \u00e9s meglep\u0151 meg\u00e9rt\u00e9ssel fordult fel\u00e9nk, ami szokatlan volt a f\u00e9rfiak k\u00f6z\u00f6tt. (megy ez a hossz\u00fa mondatos cucc, most sz\u00f3lj be Michel &#8211; )<\/p>\n<p>Addig h\u00e1rman \u00e9lt\u00fcnk Nagyany\u00e1mmal egy s\u00e1torban, de nagy volt a rokons\u00e1g, \u00e9s rengeteg unokatestv\u00e9rrel egy\u00fctt n\u0151ttem fel. Nagyany\u00e1m any\u00e1mmal ellent\u00e9tben kem\u00e9ny, makacs asszony volt, t\u0151le tanultam a gy\u00f3gyf\u00fcvek szeretet\u00e9t, \u00e9s \u0151 keltette fel k\u00edv\u00e1ncsis\u00e1gomat a szellemvil\u00e1g fel\u00e9. A falunk kereszt\u00e9ny volt ugyan, de rengeteg \u0151si hittel t\u00f6lt\u00f6tt\u00fck meg a vall\u00e1st, megf\u00e9rt a h\u00e1zunkban Sz\u0171z M\u00e1ria \u00e9s F\u00f6ldanya (s\u0151t n\u00e9ha egy \u00e9s ugyanaz volt a kett\u0151). Gyakran kellett a szellemeket kiengesztelni, ha j\u00f6tt a sz\u00e1razs\u00e1g, vagy nem esett teherbe egy fiatalasszony, ilyenkor h\u0171 kiskutyak\u00e9nt k\u00eds\u00e9rtem Nagyany\u00e1mat, aki szigor\u00fa magabiztoss\u00e1ggal vezetett be a tudom\u00e1ny\u00e1ba.<\/p>\n<p>&#8212; Hi\u00e1nyoznak. Azt hiszem, ha tudn\u00e9k most s\u00edrn\u00e9k. De m\u00e1r nagyon r\u00e9g nem s\u00edrtam. illetve nem eml\u00e9kszem. a baszott \u00e9letbe. naj\u00f3, &#8212;<\/p>\n<p>\u00c9letem nagy esem\u00e9nye volt, mikor \u00e9rkezett hozz\u00e1nk P\u00e1rizsb\u00f3l egy fiatal \u00fajs\u00e1g\u00edr\u00f3, hogy meg\u00f6r\u00f6k\u00edtse a t\u00f6rzs szok\u00e1sait \u00e9s \u00e9let\u00e9t. Pierre j\u00f3 bar\u00e1tunk lett \u00e9s sokat tanultunk egym\u00e1st\u00f3l, nagy szerelmese lettem P\u00e1rizsnak \u00e9s a francia kult\u00far\u00e1nak. Mikor elment \u2013 vajon mi van vele? -, mindenkinek adott valami kis eml\u00e9ket, nekem egy picike Eiffel szobor med\u00e1lt b\u0151rl\u00e1ncon, amit az\u00f3ta mindig magammal hordok. \u2013 lehet ez\u00e9rt k\u00f6t\u00f6ttem ki itt?. vagy?&#8230;<\/p>\n<p>12 \u00e9ves voltam, mikor r\u00e1nk t\u00f6rt a gerillacsapat a f\u00e1k k\u00f6z\u00fcl. A n\u0151ket meger\u0151szakolt\u00e1k, \u00e9s minden feln\u0151ttet \u00e9s kicsi gyereket meg\u00f6ltek, akit csak \u00e9rtek, nem sokan menek\u00fcltek meg. A nagyobb gyerekeket \u00f6sszefogdost\u00e1k, megsz\u00e1molt\u00e1k \u00e9s egym\u00e1shoz k\u00f6t\u00f6zt\u00e9k. \u00c9n egy \u00fcreges fat\u00f6rzsben pr\u00f3b\u00e1ltam \u00e1tv\u00e9szelni a k\u00e1oszt, \u00e9s nagyon f\u00e9ltem, de mikor l\u00e1ttam, hogy egy katona a Nagyany\u00e1mra fogja a fegyver\u00e9t, s\u00edrva rohantam neki. Fura visszaeml\u00e9kezni, tudom mit \u00e9s mennyi mindent \u00e9reztem, \u00e9s m\u00e9gis idegen az eg\u00e9sz. Azt hiszem el tudott menek\u00fclni, de mintha el\u00e9rte volna a k\u00e9s, \u00e9s \u00fagy l\u00e1ttam s\u00falyos a sebe. Engem persze elkaptak, \u00e9s elvittek a t\u00f6bbiekkel egy k\u00f6zeli t\u00e1borba, ahova napokon kereszt\u00fcl hozt\u00e1k a gyerekeket. az id\u0151sebb unokatestv\u00e9reim is odaker\u00fcltek. A Boss-t nem l\u00e1tta akkor m\u00e9g egyik\u00fcnk sem. A csal\u00e1dom t\u00f6bbi tagj\u00e1val nem tudom mi lett.<\/p>\n<p>&#8212;- Meg kellett volna n\u00e9znem most, ut\u00e1nuk k\u00e9rdez\u0151sk\u00f6dni. De elk\u00f6d\u00f6s\u00edtette az elm\u00e9m a bossz\u00fa, meg az akci\u00f3ra kellett figyelni. Meg h\u00e1t az egy m\u00e1sik \u00e1llam. \u00c9s nem voltam magamn\u00e1l nagyon azt hiszem. Kifog\u00e1sok? F\u00e9lek megtudni?<\/p>\n<p>&#8212; Nem mondom, hogy ismeretlen volt az az extatikus \u00e9rz\u00e9s, amikor a nagy piros aut\u00f3val szelt\u00fck \u00e1t a szavann\u00e1t \u2013 \u00e9reztem m\u00e1r ilyet, \u00e9s azt hiszem \u00f6ltem k\u00f6zben. De arra sem eml\u00e9kszem tiszt\u00e1n. Mindenesetre most megfizettem Neki, \u00e9s a bossz\u00fa t\u00e9nyleg \u00e9des. Mint a v\u00e9r. Sok mindenre nem eml\u00e9kszem egy\u00e1ltal\u00e1n, \u00e9s azt hiszem egyel\u0151re jobb is \u00edgy. Nekem \u00e9s a t\u00f6bbieknek is.<\/p>\n<p>Mert mi lenne, ha eszembe jutna \u2013 mi lenne, ha eml\u00e9kezn\u00e9k mindenre. Nem, most azt hiszem jobb lesz, ha kicsit kiszell\u0151ztetem a fejem. Nagyon k\u00e9nyelmesek ezek a p\u00e1rn\u00e1s fut\u00f3cip\u0151k.<\/p>\n<p>Franky ilyenkor m\u00e1r tal\u00e1n alszik, de majd halkan megyek ki, \u00e9s nekem \u00fagyis ez az \u00d3r\u00e1m, mikor fussak egyed\u00fcl, ha nem most. Az\u00e9rt hagyok egy cetlit.<\/p>\n<p>&#8212;&#8212;&#8212; &gt;&lt; &#8212;<\/p>\n<p>Hogy kell egy ilyet befejezni? Folytat\u00e1s k\u00f6vetkezik?<\/p>\n<p>&nbsp;<\/p>\n<p>&nbsp;<\/p>\n","protected":false},"excerpt":{"rendered":"<p>Nem hiszem igaz\u00e1n, ami t\u00f6rt\u00e9nik velem. Ha meg\u00e1llok egy percre, \u00e9rzem, hogy j\u00f6n a hideg t\u00e9boly, vagy valami, ez\u00e9rt ink\u00e1bb elj\u00e1rok futni. Vagy \u00fcltetek. L\u0151ni itt nem lehet, k\u00f6zel van mindenf\u00e9le iskola. Mondt\u00e1k, hogy pr\u00f3b\u00e1ljak napl\u00f3t \u00edrni, de ne f\u00fczetbe, hanem ide \u2013 m\u00e1rmint a saj\u00e1t g\u00e9pembe, amit \u00e9n v\u00e1s\u00e1roltam.\u00a0 ! . \u00a0M\u00e9g sosem \u00edrtam [&hellip;]<\/p>\n","protected":false},"author":4,"featured_media":0,"comment_status":"open","ping_status":"open","sticky":false,"template":"","format":"standard","meta":{"footnotes":""},"categories":[1],"tags":[29,23,24],"class_list":["post-586","post","type-post","status-publish","format-standard","hentry","category-autre","tag-abira","tag-blog","tag-confidentiel"],"_links":{"self":[{"href":"https:\/\/blog.icwt.hu\/ctl-paris\/wp-json\/wp\/v2\/posts\/586","targetHints":{"allow":["GET"]}}],"collection":[{"href":"https:\/\/blog.icwt.hu\/ctl-paris\/wp-json\/wp\/v2\/posts"}],"about":[{"href":"https:\/\/blog.icwt.hu\/ctl-paris\/wp-json\/wp\/v2\/types\/post"}],"author":[{"embeddable":true,"href":"https:\/\/blog.icwt.hu\/ctl-paris\/wp-json\/wp\/v2\/users\/4"}],"replies":[{"embeddable":true,"href":"https:\/\/blog.icwt.hu\/ctl-paris\/wp-json\/wp\/v2\/comments?post=586"}],"version-history":[{"count":0,"href":"https:\/\/blog.icwt.hu\/ctl-paris\/wp-json\/wp\/v2\/posts\/586\/revisions"}],"wp:attachment":[{"href":"https:\/\/blog.icwt.hu\/ctl-paris\/wp-json\/wp\/v2\/media?parent=586"}],"wp:term":[{"taxonomy":"category","embeddable":true,"href":"https:\/\/blog.icwt.hu\/ctl-paris\/wp-json\/wp\/v2\/categories?post=586"},{"taxonomy":"post_tag","embeddable":true,"href":"https:\/\/blog.icwt.hu\/ctl-paris\/wp-json\/wp\/v2\/tags?post=586"}],"curies":[{"name":"wp","href":"https:\/\/api.w.org\/{rel}","templated":true}]}}