{"id":581,"date":"2021-05-27T22:41:20","date_gmt":"2021-05-27T21:41:20","guid":{"rendered":"https:\/\/blog.icwt.hu\/ctl-paris\/?p=581"},"modified":"2021-05-27T22:41:38","modified_gmt":"2021-05-27T21:41:38","slug":"catherine-blog-2005-02b","status":"publish","type":"post","link":"https:\/\/blog.icwt.hu\/ctl-paris\/2021\/05\/27\/catherine-blog-2005-02b\/","title":{"rendered":"Catherine \u2022 Blog \u2013 2005\/02B"},"content":{"rendered":"<h2>Lelkes Napl\u00f3m!<\/h2>\n<p>Csak a jegyz\u0151k\u00f6nyv \u00e9s a bels\u0151 meger\u0151s\u00edt\u00e9s kedv\u00e9\u00e9rt:<br \/>\nA nevem Catherine Florence Le Brun.<br \/>\nG\u00e9rard Le Brun \u00e9s Marie Anne de Rais egysz\u00fcl\u00f6tt gyermeke.<br \/>\nHuszonegy \u00e9ves vagyok, sz\u00fclettem \u00e9s nevelkedtem Orl\u00e9ans mes\u00e9s v\u00e1ros\u00e1ban.<br \/>\nV\u00e9gzetts\u00e9gemet tekintve nemzetk\u00f6zi p\u00e9nz\u00fcgyi menedzser.<br \/>\nEgyed\u00fcl\u00e1ll\u00f3, gyermektelen, b\u0171ntetlen el\u0151\u00e9let\u0171.<br \/>\nGyakorlatilag \u00e9s statisztikailag hetero-, \u00e9rdekl\u0151d\u00e9s szerint biszexu\u00e1lis.<br \/>\nSe kuty\u00e1m &#8211; se macsk\u00e1m, m\u00e1r ha nem sz\u00e1m\u00edtjuk T\u00f6kit, aki Mamusn\u00e1l \u00e9l, de az eny\u00e9m.<br \/>\nEgy hete egy 54 n\u00e9gyzetm\u00e9teres p\u00e1rizs-k\u00f6rny\u00e9ki lak\u00e1s tulajdonosa.<br \/>\nHivatalosan egy h\u00fasz \u00e9ves t\u00f6rleszt\u0151hitel kedvezm\u00e9nyezettje.<br \/>\nVal\u00f3j\u00e1ban hamarosan t\u00f6bbsz\u00f6r\u00f6s milliomos.<br \/>\nTegnap \u00f3ta az MVMB \u00fcgyv\u00e9di iroda nemzetk\u00f6zi p\u00e9nz\u00fcgyi tan\u00e1csad\u00f3 gyakornoka.<br \/>\nT\u00edz \u00e9vre sz\u00f3l\u00f3 munkaszerz\u0151d\u00e9ssel.<br \/>\nA fizet\u00e9sem \u00e9vi 114.000 Euro &#8211; ami val\u00f3j\u00e1ban a m\u00e1r megszerzett p\u00e9nzem hivatalos foly\u00f3s\u00edt\u00e1sa, ha egy\u00e9b, t\u00e9nyleges munk\u00e1t is v\u00e9gzek, akkor azt b\u00f3nuszk\u00e9nt sz\u00e1molj\u00e1k majd el.<br \/>\nRendszeresen doh\u00e1nyzom, fogyasztok alkoholt \u00e9s nem \u00f6nk\u00e9ntes alapon rekre\u00e1ci\u00f3s drogokhoz is volt szerencs\u00e9m az elm\u00falt hetekben.<br \/>\nHom\u00e1lyos eml\u00e9keim szerint elraboltak az Idegenek.<br \/>\nTechnikailag ez teljesen igaz: val\u00f3ban elraboltak \u00e9s val\u00f3ban &#8222;idegenek&#8221;.<br \/>\nHa a t\u00fck\u00f6rbe n\u00e9zek, egy kopasz, teljesen fekete szem\u0171 (k\u00f6zelebbr\u0151l l\u00e1tom az\u00e9rt a fekete \u00edriszt \u00e9s a s\u00f6t\u00e9tbarna v\u00e9rereket is, sz\u00f3val el\u00e9gg\u00e9 f\u00e9rcmunka), alig-orr\u00fa, halv\u00e1ny r\u00f3zsasz\u00edn ufonauta n\u00e9z vissza r\u00e1m. Ugyanez a S\u00f6v\u00e9nyben matt sz\u00fcrke. Sz\u00ednv\u00e1lt\u00f3 vagyok, mint egy kam\u00e9leon.<br \/>\nAz emberek hajlamosak kereszt\u00fcln\u00e9zni rajtam \u00e9s\/vagy elfelejteni, hogy ott vagyok.<br \/>\nR\u00f6vid id\u0151n bel\u00fcl j\u00e1rtam Belgiumban, N\u00e9metorsz\u00e1gban, Szud\u00e1nban \u00e9s \u00c1rk\u00e1di\u00e1ban.<br \/>\nHidegen, el\u0151re kitervelt sz\u00e1nd\u00e9kkal meg\u00f6ltem &#8222;magam&#8221; egy expresszvonat mosd\u00f3j\u00e1ban.<br \/>\nR\u00e9szt vettem h\u00e1rom bet\u00f6r\u00e9ses rabl\u00e1sban; egy emberrabl\u00e1sban, fogvatart\u00e1sban \u00e9s vallat\u00e1sban; t\u00f6bbsz\u00f6r\u00f6s elk\u00f6vet\u0151 \u00e9s\/vagy b\u0171nr\u00e9szes vagyok s\u00falyos testi s\u00e9rt\u00e9sben; nemzetk\u00f6zi fegyver-, drog-, arany- \u00e9s p\u00e9nz csemp\u00e9szetben; m\u0171kincsrabl\u00e1sban; t\u00f6bbsz\u00f6r adtam ki magam hivatalos- \u00e9s k\u00f6zfeladatot ell\u00e1t\u00f3 szem\u00e9lynek; v\u00e9gign\u00e9ztem ahogy egy embert darabokra szaggat egy gyalogs\u00e1gi akna; reflexb\u0151l meg\u00f6ltem vagy s\u00falyosan megsebes\u00edtettem kilenc cs\u00e1di \/ szud\u00e1ni zsoldost; megt\u00e1madtam \u00e9s \u00e1rtalmatlann\u00e1 tettem k\u00e9t j\u00f3l k\u00e9pzett amerikai kommand\u00f3st; term\u00e9szetesen ott sem l\u00e9v\u0151 francia \u00fcgyn\u00f6k\u00f6kkel r\u00f6h\u00f6gve ittam a langymeleg grapp\u00e1t egy sz\u00e1guld\u00f3 helikopterben az \u00e9jszakai dzsungel felett; eszm\u00e9letlen amerikaiakat vetk\u0151ztettem puc\u00e9rra \u00e9s \u00fcltettem valami ex-szovjet szed\u00e1nba (Lada?) egy khartoum-i sik\u00e1torban.<br \/>\nKiv\u00e1l\u00f3an b\u00e1nok t\u00f6bbf\u00e9le k\u00e9ssel is. K\u00f6zelharcban \u00e9s dob\u00e1sban szint\u00e9n meg\u00e1llom a helyem.<br \/>\nTudom, hogyan kell kibiztos\u00edtani k\u00fcl\u00f6nf\u00e9le gr\u00e1n\u00e1tokat \u00e9s szint\u00e9n tudom dobni is.<br \/>\nSz\u00e9t tudok szerelni, tiszt\u00edtani \u00e9s \u00f6sszerakni egy Glock, Beretta, Smith &amp; Wesson vagy FN k\u00e9zifegyvert. Meglehet\u0151s magabiztoss\u00e1ggal tudok l\u0151ni is vel\u00fck. \u00d6lni is, ha \u00fagy alakul.<br \/>\nG\u00e9ppisztoly m\u00e9g nem volt a kezemben, de a g\u00e9pkarab\u00e9ly nem az \u00e9n vil\u00e1gom.<br \/>\nEr\u0151sen paranoid vagyok, minden \u00e9lethelyzetben automatikusan felm\u00e9rem a helysz\u00ednt, a helyzetet, az embereket, a rendelkez\u00e9sre \u00e1ll\u00f3 eszk\u00f6z\u00f6ket \u00e9s lehet\u0151s\u00e9geket.<br \/>\nNincs bennem szorong\u00e1s, sem depresszi\u00f3, sem p\u00e1nikrohamok.<br \/>\nNem ideges\u00edt vagy d\u00fch\u00edt fel semmi. M\u00e9g az any\u00e1m sem.<br \/>\nHa egyed\u00fcl vagyok, vagy teljes biztons\u00e1gban, akkor \u00e1ltal\u00e1ban legal\u00e1bb negyed-f\u00e9l \u00f3r\u00e1t k\u00e9pes vagyok b\u0151gni. Az seg\u00edt, megtiszt\u00edt. Vagy valami hasonl\u00f3 zen baroms\u00e1g.<br \/>\nK\u00f6zel hangtalanul k\u00e9pes vagyok lopakodni \u00e9s ak\u00e1r egy \u00f3r\u00e1n kereszt\u00fcl is mozdulatlanul rejt\u0151zni.<br \/>\nEgyetlen \u00e9rint\u00e9ssel lassan m\u00fal\u00f3 ment\u00e1lis zavart tudok id\u00e9zni egy m\u00e1sik emberben.<br \/>\nEgyetlen mozdulattal el tudom t\u00f6rni egy feln\u0151tt f\u00e9rfi nyak\u00e1t\u2026<\/p>\n<p>Minden egyszerre rettenetesen ijeszt\u0151 \u00e9s borzalmasan izgat\u00f3.<br \/>\nNem tudom, ki vagyok.<br \/>\nNem tudom, mi vagyok.<br \/>\nDe tudom, hogy ez \u00e9n vagyok.<br \/>\n\u00c9s ezt t\u00f6bb\u00e9 m\u00e1r nem veheti el senki, csak az \u00e9letemmel egy\u00fctt.<br \/>\n<em>Bonne chance avec \u00e7a, ma jolie!<\/em><\/p>\n","protected":false},"excerpt":{"rendered":"<p>Lelkes Napl\u00f3m! Csak a jegyz\u0151k\u00f6nyv \u00e9s a bels\u0151 meger\u0151s\u00edt\u00e9s kedv\u00e9\u00e9rt: A nevem Catherine Florence Le Brun. G\u00e9rard Le Brun \u00e9s Marie Anne de Rais egysz\u00fcl\u00f6tt gyermeke. Huszonegy \u00e9ves vagyok, sz\u00fclettem \u00e9s nevelkedtem Orl\u00e9ans mes\u00e9s v\u00e1ros\u00e1ban. V\u00e9gzetts\u00e9gemet tekintve nemzetk\u00f6zi p\u00e9nz\u00fcgyi menedzser. Egyed\u00fcl\u00e1ll\u00f3, gyermektelen, b\u0171ntetlen el\u0151\u00e9let\u0171. Gyakorlatilag \u00e9s statisztikailag hetero-, \u00e9rdekl\u0151d\u00e9s szerint biszexu\u00e1lis. Se kuty\u00e1m &#8211; se [&hellip;]<\/p>\n","protected":false},"author":2,"featured_media":0,"comment_status":"open","ping_status":"open","sticky":false,"template":"","format":"standard","meta":{"footnotes":""},"categories":[1],"tags":[23,28,24],"class_list":["post-581","post","type-post","status-publish","format-standard","hentry","category-autre","tag-blog","tag-catherine","tag-confidentiel"],"_links":{"self":[{"href":"https:\/\/blog.icwt.hu\/ctl-paris\/wp-json\/wp\/v2\/posts\/581","targetHints":{"allow":["GET"]}}],"collection":[{"href":"https:\/\/blog.icwt.hu\/ctl-paris\/wp-json\/wp\/v2\/posts"}],"about":[{"href":"https:\/\/blog.icwt.hu\/ctl-paris\/wp-json\/wp\/v2\/types\/post"}],"author":[{"embeddable":true,"href":"https:\/\/blog.icwt.hu\/ctl-paris\/wp-json\/wp\/v2\/users\/2"}],"replies":[{"embeddable":true,"href":"https:\/\/blog.icwt.hu\/ctl-paris\/wp-json\/wp\/v2\/comments?post=581"}],"version-history":[{"count":0,"href":"https:\/\/blog.icwt.hu\/ctl-paris\/wp-json\/wp\/v2\/posts\/581\/revisions"}],"wp:attachment":[{"href":"https:\/\/blog.icwt.hu\/ctl-paris\/wp-json\/wp\/v2\/media?parent=581"}],"wp:term":[{"taxonomy":"category","embeddable":true,"href":"https:\/\/blog.icwt.hu\/ctl-paris\/wp-json\/wp\/v2\/categories?post=581"},{"taxonomy":"post_tag","embeddable":true,"href":"https:\/\/blog.icwt.hu\/ctl-paris\/wp-json\/wp\/v2\/tags?post=581"}],"curies":[{"name":"wp","href":"https:\/\/api.w.org\/{rel}","templated":true}]}}