{"id":578,"date":"2021-05-27T20:54:43","date_gmt":"2021-05-27T19:54:43","guid":{"rendered":"https:\/\/blog.icwt.hu\/ctl-paris\/?p=578"},"modified":"2021-05-27T21:01:03","modified_gmt":"2021-05-27T20:01:03","slug":"michel-blog-2005-01","status":"publish","type":"post","link":"https:\/\/blog.icwt.hu\/ctl-paris\/2021\/05\/27\/michel-blog-2005-01\/","title":{"rendered":"Michel \u2022 Blog \u2013 2005\/01"},"content":{"rendered":"<p>2005. janu\u00e1r \/ 0. bejegyz\u00e9s<\/p>\n<p><span style=\"font-weight: 400;\">Ez a feloszt\u00e1s az\u00e9rt van, hogy \u00f6sszezavarjak \u00e9s megosszak mindenkit. Meg az\u00e9rt, mert m\u00e1r k\u00e9t h\u00f3napja vagyok itt, \u00e9s k\u00e1b\u00e9 most van el\u0151sz\u00f6r komolyabban id\u0151m, hogy \u00edrjak is b\u00e1rmir\u0151l \u2013 eddig kerestem, hogy merre van az arccal el\u0151re. Ez\u00e9rt most visszafel\u00e9 megyek az id\u0151ben 1-t\u0151l, \u00e9s el\u0151re 1-t\u0151l. Szerintem m\u00ednusz 2-ig v\u00e1llalom, ut\u00e1na megunom a francba.<\/span><\/p>\n<p><span style=\"font-weight: 400;\">G\u00e9rard valami\u00e9rt arr\u00f3l h\u00f6r\u00f6g, hogy az arrayt 1-gyel kezdeni bunk\u00f3, tirp\u00e1k dolog.<br \/>\nTeljesen igaza van.<\/span><\/p>\n<p><span style=\"font-weight: 400;\">Sz\u00f3val febru\u00e1r lett, amikor pontot tett\u00fcnk Abira ifj\u00fakori probl\u00e9m\u00e1ja v\u00e9g\u00e9re.\u00a0<\/span><\/p>\n<p><span style=\"font-weight: 400;\">A megkeres\u00e9s janu\u00e1rban indult, \u00e9s egy jelent\u0151s r\u00e9sz\u00e9t el is vitte.<\/span><\/p>\n<p><span style=\"font-weight: 400;\">Mondtam r\u00f3la, hogy gyerekkatona volt valami porf\u00e9szekben, amit el\u0151sz\u00f6r koloniz\u00e1ltak, azt\u00e1n mag\u00e1ra hagyt\u00e1k, amikor t\u00fal dr\u00e1ga lett a rendes elnyom\u00e1s. Cs\u00e1dban asszem. Na, h\u00e1t a mi bajt\u00e1rsaink \u00e9s harcost\u00e1rsaink mindenf\u00e9le \u00edzl\u00e9stelen fick\u00f3val hajland\u00f3k \u00fczletelni, ha \u00fagy ad\u00f3dik. \u00cdgy esett, hogy Dixie, aki a \u201ekirontunk a ny\u00falb\u00f3l\u201d t\u00edpus\u00fa tervekben er\u0151sebb, egyik l\u00e1togat\u00e1sa sor\u00e1n r\u00e1akadt egy D\u00e9l-Szud\u00e1nban dekkol\u00f3 egykori had\u00farra, aki ellen H\u00e1g\u00e1ban m\u00e1r majdnem megsz\u00fcletett az \u00f6sszes al\u00e1\u00edr\u00e1s a nemzetk\u00f6zi elfogat\u00f3parancsra. Ez a had\u00far tudta j\u00f3l, hogy Abira ide\u00e1lis lenne tan\u00fanak ellene, ez\u00e9rt j\u00f3 p\u00e9nzt aj\u00e1nlott fel annak, aki \u00e9lve vagy halva k\u00e9zre ker\u00edti. Dixie balr\u00f3l be. A birtokon megtal\u00e1lt egy m\u00e1sik Elcser\u00e9ltet, aki, hi\u00e1ba vallatt\u00e1k, csak nem t\u00f6rt meg \u2013 ez adta a lehet\u0151s\u00e9get, hogy visszajusson oda, \u00e9s vigye mag\u00e1val a k\u00f6zeli k\u00eds\u00e9ret\u00e9t is. Dixie kider\u00edtette azt is \u2013 nagy kunszt, Alphonse, az ex-gener\u00e1lis mutatta meg neki \u2013 hogy a k\u00e9r\u00f3 tele van droggal, arannyal, \u00e9s k\u00e1p\u00e9val. Adta mag\u00e1t, hogy lesz\u00e1ll\u00edtsuk neki Abir\u00e1t, a kell\u0151 pillanatban szabadon engedj\u00fck. Franky, aki t\u00f6rt\u00e9netesen t\u00e9nyleg orvos, vallat\u00f3k\u00e9nt \u00e9rkezik, bedrogozza az Elcser\u00e9ltet, aki ett\u0151l harcisz\u00f6rnny\u00e9 alakul, \u00e9s ezt vagy t\u00fal\u00e9li, vagy nem \u2013 mindenesetre jobbak az es\u00e9lyei, mint a f\u0171r\u00e9szes vallat\u00f3 kezeiben. Mi elk\u00f6t\u00fcnk egy alkalmas verd\u00e1t, vissz\u00fck, amit tudunk. A csapat fennmarad\u00f3 r\u00e9sze Kaput nyit a S\u00f6v\u00e9nybe, \u00e1tr\u00e1molja az aranyat \u00e9s a k\u00e1p\u00e9t, majd elviszi egy m\u00e1sik helysz\u00ednre, ahonnan be lehet cuccolni egy sz\u00e1ll\u00edt\u00f3g\u00e9pbe. Ami ezalatt Franciaorsz\u00e1g l\u00e9gter\u00e9ben tart\u00f3zkodik, mert \u00edgy nem kell magyar\u00e1zkodni, hogy hogy ker\u00fclt a szajr\u00e9 a fed\u00e9lzetre.<\/span><\/p>\n<p><span style=\"font-weight: 400;\">Igen, a S\u00f6v\u00e9ny fura hely.<\/span><\/p>\n<p><span style=\"font-weight: 400;\">R\u00e9sztvev\u0151k: Dixie, Belga, Abira, Barbara, Jasmine, Franky, Sz\u00fcrke, Pat\u00e1s, a roueni JT (sz\u00e1ll\u00edtm\u00e1nyoz\u00e1s), a kecskem\u00e9ti Kitty (S\u00f6v\u00e9nyj\u00e1r\u00f3), Ashraf (h\u00edrszerz\u00e9s \u00e9s fed\u00e9s, k\u00e9s\u0151bb b\u0151v\u00fclt a feladatk\u00f6re). Meg \u00e9n. Ha kihagytam valakit, bocsi \u2013 a vend\u00e9gem vagy egy rendes s\u00f6rre, valamint egyszer szidhatod az any\u00e1mat.<\/span><\/p>\n<p><span style=\"font-weight: 400;\">A logisztikusunk a K\u00ednai volt, a v\u00e9g\u00e9re szerintem gazdagodott p\u00e1r \u0151sz hajsz\u00e1llal.<\/span><\/p>\n<p><span style=\"font-weight: 400;\">A feladathoz kellett egy parancssz\u00f3ra ny\u00edl\u00f3 bilincs, egy szem\u00fcveg, egy k\u00f3l\u00e1s\u00fcvegnyi fura l\u00f6tyi, egy els\u0151 vil\u00e1gh\u00e1bor\u00fas olasz katonai teheraut\u00f3, n\u00e9gy 3-as oszt\u00e1ly\u00fa l\u00f6ved\u00e9k\u00e1ll\u00f3 mell\u00e9ny, rangjelz\u00e9s n\u00e9lk\u00fcli egyenruh\u00e1k, k\u00e9t lefizetett ENSZ-es pil\u00f3ta, szer\u00e9ny \u2013 de m\u00e9g nem megal\u00e1z\u00f3 \u2013 mennyis\u00e9g\u0171 amerikai doll\u00e1r \u00e9s eur\u00f3, g\u00e9pkarab\u00e9lyok \u00e9s oldalfegyver, szafarifelszerel\u00e9s, ker\u00e9kjav\u00edt\u00f3 szett \u00e9s pumpa, valamint mink. Az els\u0151 h\u00e1rom\u00e9rt k\u00f6rbet\u00far\u00e1ztunk Franciaorsz\u00e1gban, ahol \u00e9n menet k\u00f6zben meg\u00e1llapodtam Bubor\u00e9kkal (ennek m\u00e9g lesz k\u00f6vetkezm\u00e9nye). Barbara kider\u00edtette, hogy \u0151 m\u00e1s szem\u00e9lyazonoss\u00e1g alatt m\u00e1r huzamosabb id\u0151t t\u00f6lt\u00f6tt el Nantes-ban (??? \u2013 mondan\u00e1m, hogy \u00fagysem sz\u00e1m\u00edt semmi P\u00e1rizson k\u00edv\u00fcl, de ez egyr\u00e9szt gy\u00f6k\u00e9rs\u00e9g, m\u00e1sr\u00e9szt nem igaz, csak a mem\u00f3ri\u00e1m lyukas). Pat\u00e1sr\u00f3l meg kider\u00edtett\u00fck, hogy egy p\u00f6cs. \u00d6sszefutottunk m\u00e9g tov\u00e1bb\u00e1 egy roueni elcser\u00e9lt tri\u00f3val, akiket kergetett k\u00e9t faszarc, de annyira, hogy sim\u00e1n ind\u00edtottak egy t\u0171zriad\u00f3t a TGV-n, hogy hozz\u00e1juk f\u00e9rjenek. Mi el\u00e1lltunk az \u00fatjukb\u00f3l, kiterelt\u00fck a civileket, \u00e9s elloptuk a roueniek csomagj\u00e1t. (Ez az, amit ut\u00e1na visszaadtunk Oph\u00e9lie-\u00e9knek.)\u00a0<\/span><\/p>\n<p><span style=\"font-weight: 400;\">K\u00f6zben valaki bek\u00f6sz\u00f6nt a Rendnek, \u00e9s a B\u00e1rk\u00e1n l\u00e9v\u0151 tal\u00e1lkoz\u00f3hely\u00fcnk sz\u00e9tsz\u00f3r\u00f3dott, majd els\u00fcllyedt. Nyilv\u00e1n g\u00e1zrobban\u00e1s, mi m\u00e1s. Ezzel a nagyj\u00e1b\u00f3l biztons\u00e1gos Kapuinkkal, meg az igaz\u00e1n csecse, k\u00f6z\u00f6s haszn\u00e1lat\u00fa cuccainkkal is elvesztett\u00fck az \u00f6sszek\u00f6ttet\u00e9st. Plusz egy csapatnak el kellett mennie Nep\u00e1lba, mert az oda vezet\u0151 Kapu megmaradt.<\/span><\/p>\n<p><span style=\"font-weight: 400;\">Hogy teljes \u00e9rt\u00e9k\u0171 fel\u00e1ldozhat\u00f3k legy\u00fcnk, bevettek minket a Rendbe \u2013 \u00e9n Belg\u00e1val pacsiztam le, az \u0151 f\u00e9l \u00f3r\u00e1ja lettem \u2013 amivel egy\u00fctt j\u00e1rtak a jogok \u00e9s a k\u00f6teless\u00e9gek. A szab\u00e1lyok j\u00f3 r\u00e9sze el\u00e9g gyakorlatias, a marad\u00e9k r\u00e9sze meg olyasmi, ami adja mag\u00e1t, ha az Id\u0151vel k\u00f6tsz \u00fczletet. \u00d6sszess\u00e9g\u00e9ben szerintem a Rend el\u00e9gg\u00e9 emberi valami, mert k\u00f6zel sem csip\u00e1zza mindenki a m\u00e1sik bur\u00e1j\u00e1t, de van sz\u00e1nd\u00e9k az egy\u00fcttm\u0171k\u00f6d\u00e9sre \u2013 \u00e9s ha valakin\u00e9l nagyon elgurul a gy\u00f3gyszer, akkor megrendszab\u00e1lyozz\u00e1k.<\/span><\/p>\n<p><span style=\"font-weight: 400;\">Sz\u00f3val k\u00fcl\u00f6nf\u00e9le k\u00fcszk\u00f6d\u00e9sek \u00e1r\u00e1n siker\u00fclt \u00f6sszeszedni a sz\u00fcks\u00e9ges kell\u00e9keket, felkerekedt\u00fcnk, \u00e9s elindultunk Um Dafuq fel\u00e9, ahol akci\u00f3zni tervezt\u00fcnk. El\u0151tte m\u00e9g Barbara meg Jasmine elmentek keresztbe tenni a DEA \u00e9s az Interpol k\u00f6z\u00f6s akci\u00f3j\u00e1nak, nehogy fell\u00e1rm\u00e1zz\u00e1k Alphonse-t, vagy beessenek a partira, mialatt a rabl\u00f3gyilkoss\u00e1g megy.<\/span><\/p>\n<p><span style=\"font-weight: 400;\">Ahhoz k\u00e9pest, hogy mennyi id\u0151 telt el az el\u0151k\u00e9sz\u00edt\u00e9ssel, az\u00e9rt kellett improviz\u00e1lni. Belg\u00e1t \u00e9s Pat\u00e1st megl\u0151tt\u00e9k, Sz\u00fcrke elt\u0171nt az akci\u00f3 k\u00f6zben (<em>merde<\/em>, az\u00e9rt ez t\u00e9nyleg g\u00e1z volt), az eredetileg tervezetthez k\u00e9pest be kellett vonni m\u00e9g p\u00e1r embert, \u00e9s a l\u00f3v\u00e9 is kevesebb lett, mint amennyire sz\u00e1m\u00edtottunk. Viszont a k\u00e9t s\u00e9r\u00fclt t\u00fal\u00e9lte, Sz\u00fcrk\u00e9t kimentette Ashraf, tal\u00e1ltunk egy \u00faj form\u00e1t (G\u00e9rardot), \u00e9s a szajr\u00e9 m\u00e9g \u00edgy el\u00e9g sokat \u00e9rt. Emellett a terveknek megfelel\u0151en meghalt Alphonse, \u00edgy Abira is pontot tehetett a m\u00faltbeli s\u00e9relmei v\u00e9g\u00e9re.<\/span><\/p>\n<p><span style=\"font-weight: 400;\">Az ut\u00f3bbi k\u00e9t eredm\u00e9ny nekem szem\u00e9lyesen is j\u00f3lesett.<\/span><\/p>\n<p><span style=\"font-weight: 400;\">Az\u00e9rt ha anya megtudta volna, hogy egy cseresznyepiros Marauderrel polietil\u00e9n zacsib\u00f3l ki\u00f6ml\u00f6tt \u2013 \u00e9s a l\u00e9gkondi \u00e1ltal felkevert \u2013 ekit\u0151l gyors\u00edtva fogok keresztbe-kasba sz\u00e1guldozni az afrikai szavann\u00e1n, lehet, hogy nem \u00e1ll meg a papuccsal fegyelmez\u00e9sn\u00e9l zsenge gimnazista koromban.<\/span><\/p>\n<p><span style=\"font-weight: 400;\">Miut\u00e1n visszaj\u00f6tt\u00fcnk, \u00e1tk\u00f6lt\u00f6zt\u00fcnk Saint-Denisbe, ami Barbara egy elbitangolt hazugs\u00e1g\u00e1b\u00f3l keletkezett, amit mi \u00e1tvett\u00fcnk, a hat\u00e1rozott idej\u0171 bajt\u00e1rsaink elhittek, ez\u00e9rt musz\u00e1j volt alkalmazkodni hozz\u00e1, \u00edgy v\u00e9g\u00fcl val\u00f3s\u00e1gg\u00e1 v\u00e1lt.\u00a0<\/span><\/p>\n<p><span style=\"font-weight: 400;\">Bek\u00f6lt\u00f6zt\u00fcnk a mi kis t\u00e1rsash\u00e1zunkba, ahol megkaptuk lak\u00f3t\u00e1rsnak Sz\u00fcrk\u00e9t \u2013 \u00e9n mondjuk nem b\u00e1nom, rem\u00e9lem, \u0151 sem \u2013 \u00e9s elkezdt\u00fck ki\u00e9p\u00edteni a mi kis \u00e1lc\u00e1nkat. Les Liber\u00e9es de Saint-Denis.<\/span><\/p>\n<p><span style=\"font-weight: 400;\">Febru\u00e1r volt az a h\u00f3nap is, amikor f\u00e9ny der\u00fclt arra, hogy hogyan lettem Elcser\u00e9lt, \u00e9s mi\u00e9rt l\u00f3gok egymilli\u00f3 eur\u00f3val egy Zilbenjev nev\u0171 form\u00e1nak. A kett\u0151 \u00f6sszef\u00fcgg. Az volt ugyanis, hogy, m\u00e9g amikor csak a zenei karrierrel meg a napi betev\u0151 gyors\u00edt\u00f3val foglalkoztam, szeretett volna az \u00e1llatkertj\u00e9be egy Popov nev\u0171 arc, akit teljes meggy\u0151z\u0151d\u00e9ssel, b\u00e1r nem t\u00fal b\u00f6lcsen elhajtottam a pics\u00e1ba. Erre megjelent k\u00e9t ruszki szekr\u00e9ny, a l\u00e1ncok, meg egy nagy kapacit\u00e1s\u00fa aksi, \u00e9s \u00e9reztett\u00e9k velem, hogy ez hiba volt. A t\u00f6bbi r\u00e9szt ugorjuk, mert nem \u00e9rdekes. Viszont ekkort\u00e1jt jelent meg az \u00e9n j\u00f3 k\u00e9pess\u00e9g\u0171 m\u00e1solatom, \u00e9s leboltolt ink\u00e1bb Zilbenjev pap\u00e1val. Ami a k\u00f6r\u00fclm\u00e9nyek ismeret\u00e9ben nem h\u00fclye \u00f6tlet, t\u00e9nyleg. Zilbenjevnek, \u00fagy t\u0171nik, t\u00f6bb \u00e9rz\u00e9ke van a menedzsment elvekhez, mert adott is mell\u00e9 szervez\u00e9st. A m\u00e1solatom nem volt teljesen kutya\u00fct\u0151 \u2013 ment is a szek\u00e9r, addig, am\u00edg a menedzser kl\u00e1ntag cs\u00fany\u00e1n el nem baszott valamit, amit\u0151l a m\u00e1solatom megreccsent. F\u00fcgg\u0151 lett a gy\u00f6ngy\u00f6m er\u0151sen. Zilbenjevnek m\u00e9g becs\u00fcletk\u00f3dexe is lehet, mert \u00e9rezte, hogy ez az \u0151 sara, bezavarta a k\u00f3pi\u00e1mat egy szanat\u00f3riumba, \u00e9s amikor kij\u00f6tt, hozomra a kez\u00e9be nyomott egy mill\u00e1t, hogy ebb\u0151l \u00e1lljon a saj\u00e1t l\u00e1b\u00e1ra.<\/span><\/p>\n<p><span style=\"font-weight: 400;\">Ez volt az a l\u00e9, amib\u0151l a szop\u00f3s egy jelent\u0151s r\u00e9szt elk\u00f6lt\u00f6tt arra, hogy \u00faj szem\u00e9lyazonoss\u00e1got v\u00e1s\u00e1roljon any\u00e1nak, dr\u00e1ga nemz\u0151mnek, \u00e9s a h\u00fagomnak, a marad\u00e9k egy r\u00e9sz\u00e9t ismeretlen helyre rejtette, m\u00e1r amib\u0151l nem luxusaut\u00f3t, kurv\u00e1kat \u00e9s drogokat v\u00e1s\u00e1rolt, miel\u0151tt levetette mag\u00e1t valami szakad\u00e9kba Jenkif\u00f6ldj\u00e9n.<\/span><\/p>\n<p><span style=\"font-weight: 400;\">A l\u00f3v\u00e9 teh\u00e1t nyilv\u00e1n nincs meg.\u00a0<\/span><\/p>\n<p><span style=\"font-weight: 400;\">Emiatt Zilbenjev \u00e9rthet\u0151 m\u00f3don nem kedvel annyira.<\/span><\/p>\n<p><span style=\"font-weight: 400;\">Az afrikai mel\u00f3b\u00f3l p\u00e1r h\u00f3nap m\u00falva esik annyi, hogy ki tudom fizetni \u2013 m\u00e9g egy jelk\u00e9pes \u00f6tven sz\u00e1zal\u00e9kos kamat is kitelik \u2013 viszont a p\u00e9nzmosod\u00e1k vesztes\u00e9ggel dolgoznak, ha gyorsan kell a l\u00e9. Ha nem tudok v\u00e1rni, nem hogy t\u00f6bbletem nem lesz, de m\u00e9g a milla se j\u00f6n ki. Zilbenjev meg nem az a figura, aki m\u00e1sodj\u00e1ra \u00f6sszev\u00e1rja, am\u00edg p\u00e9nzemn\u00e9l leszek. Sz\u00f3val t\u00f6k j\u00f3 lenne addig nem a kez\u00e9be ker\u00fclni, m\u00e1rpedig kapott olyan inf\u00f3t, hogy m\u00e9gsem haltam meg. (Kurv\u00e1k v\u00e9re. Igyekeztem nem felt\u0171n\u00e9st kelteni, de azt akkor m\u00e9g nem tudtam, hogy m\u00e9g jobban kell vigy\u00e1zni, plusz mindig elfelejtem, hogy el\u00e9g jellegzetes arcom van.) Azt\u00e1n magyar\u00e1zhatok neki arr\u00f3l, hogy nem nekem adta a l\u00e9t, hanem a gonosz ikertestv\u00e9remnek\u2026<\/span><\/p>\n<p><span style=\"font-weight: 400;\">Sz\u00f3val most teljesen men\u0151 \u00f6tlet, hogy p\u00e1r h\u00f3napig ne a v\u00e1rosban legyek. Am\u00fagy is vannak politikai fennforg\u00e1sok, \u00e9s t\u00f6bb okb\u00f3l a v\u00e1roson k\u00edv\u00fclre kell menn\u00fcnk \u2013 sz\u00f3val szerintem meg\u00e9rett a helyzet, hogy valahol nagyon m\u00e1shol legyek.<\/span><\/p>\n<p><span style=\"font-weight: 400;\">M\u00e9g ha \u00f6ssze is j\u00f6n a p\u00e9nz, m\u00e9g le kell boltolni p\u00e1rszor, am\u00edg tal\u00e1lok valakit, aki vigy\u00e1z r\u00e1m, hogy egy\u00e1ltal\u00e1n visszaadhassam a dell\u00e1t, \u00e9s Zilbenjev csak \u00fagy tan\u00edt\u00f3-nevel\u0151 jelleggel ne belezzen ki, hi\u00e1ba hozom.<\/span><\/p>\n<p><span style=\"font-weight: 400;\">Eddig k\u00e9t csajnak tartozom komoly sz\u00edvess\u00e9ggel. Ahogy ap\u00e1m mondta volt, tartozni kell valahov\u00e1. Az \u00e9n olvasatomban: tartozni kell valakinek\u2026<\/span><\/p>\n","protected":false},"excerpt":{"rendered":"<p>2005. janu\u00e1r \/ 0. bejegyz\u00e9s Ez a feloszt\u00e1s az\u00e9rt van, hogy \u00f6sszezavarjak \u00e9s megosszak mindenkit. Meg az\u00e9rt, mert m\u00e1r k\u00e9t h\u00f3napja vagyok itt, \u00e9s k\u00e1b\u00e9 most van el\u0151sz\u00f6r komolyabban id\u0151m, hogy \u00edrjak is b\u00e1rmir\u0151l \u2013 eddig kerestem, hogy merre van az arccal el\u0151re. Ez\u00e9rt most visszafel\u00e9 megyek az id\u0151ben 1-t\u0151l, \u00e9s el\u0151re 1-t\u0151l. Szerintem m\u00ednusz [&hellip;]<\/p>\n","protected":false},"author":3,"featured_media":0,"comment_status":"open","ping_status":"open","sticky":false,"template":"","format":"standard","meta":{"footnotes":""},"categories":[1],"tags":[23,24,25],"class_list":["post-578","post","type-post","status-publish","format-standard","hentry","category-autre","tag-blog","tag-confidentiel","tag-michel"],"_links":{"self":[{"href":"https:\/\/blog.icwt.hu\/ctl-paris\/wp-json\/wp\/v2\/posts\/578","targetHints":{"allow":["GET"]}}],"collection":[{"href":"https:\/\/blog.icwt.hu\/ctl-paris\/wp-json\/wp\/v2\/posts"}],"about":[{"href":"https:\/\/blog.icwt.hu\/ctl-paris\/wp-json\/wp\/v2\/types\/post"}],"author":[{"embeddable":true,"href":"https:\/\/blog.icwt.hu\/ctl-paris\/wp-json\/wp\/v2\/users\/3"}],"replies":[{"embeddable":true,"href":"https:\/\/blog.icwt.hu\/ctl-paris\/wp-json\/wp\/v2\/comments?post=578"}],"version-history":[{"count":0,"href":"https:\/\/blog.icwt.hu\/ctl-paris\/wp-json\/wp\/v2\/posts\/578\/revisions"}],"wp:attachment":[{"href":"https:\/\/blog.icwt.hu\/ctl-paris\/wp-json\/wp\/v2\/media?parent=578"}],"wp:term":[{"taxonomy":"category","embeddable":true,"href":"https:\/\/blog.icwt.hu\/ctl-paris\/wp-json\/wp\/v2\/categories?post=578"},{"taxonomy":"post_tag","embeddable":true,"href":"https:\/\/blog.icwt.hu\/ctl-paris\/wp-json\/wp\/v2\/tags?post=578"}],"curies":[{"name":"wp","href":"https:\/\/api.w.org\/{rel}","templated":true}]}}