{"id":573,"date":"2021-05-27T01:23:14","date_gmt":"2021-05-27T00:23:14","guid":{"rendered":"https:\/\/blog.icwt.hu\/ctl-paris\/?p=573"},"modified":"2021-05-27T01:23:39","modified_gmt":"2021-05-27T00:23:39","slug":"cblog-2005-02","status":"publish","type":"post","link":"https:\/\/blog.icwt.hu\/ctl-paris\/2021\/05\/27\/cblog-2005-02\/","title":{"rendered":"Catherine \u2022 Blog \u2013 2005\/02"},"content":{"rendered":"<h2>Redves Napl\u00f3m!<\/h2>\n<p>V\u00e9gre van egy szusszan\u00e1snyi id\u0151m magamra is, hogy \u00f6sszeszedjem a gondolataimat.<br \/>\nEl\u0151re tudom, hogy nem fog siker\u00fclni. Csak sodr\u00f3dok az esem\u00e9nyekkel hetek \u00f3ta.<br \/>\nH\u00f3napok. Mindegy.<\/p>\n<p>Le\u00edrtam. Hazugs\u00e1g volt. Kit\u00f6r\u00f6ltem. Az\u00e9rt le\u00edrom \u00fajra:<br \/>\n<em>&#8222;Ha tudtam volna, hogy mi t\u00f6rt\u00e9nik velem, ink\u00e1bb kihagyom Courchevel-t\u2026&#8221;<\/em><\/p>\n<p>Az van, hogy egyr\u00e9szt m\u00e9g mindig nem tudom pontosan, hogy egy\u00e1ltal\u00e1n mi t\u00f6rt\u00e9nt. Min\u00e9l t\u00f6bbet \u00e1rulnak el nekem, ann\u00e1l biztosabb vagyok benne, hogy nem is akarok mindent tudni. M\u00e1sr\u00e9szt viszont\u2026 m\u00e9g csak k\u00e9t h\u00f3nap telt el, de ugyan\u00fagy, ahogy tudom, hogy nincsen vissza\u00fat, \u00fagy be kell vallanom magamnak, hogy l\u00e1tva amit l\u00e1ttam, tudva amit tudok, nem is akarn\u00e9k visszamenni oda, ahol voltam. Aki voltam.<\/p>\n<p>Legfeljebb n\u00e9ha. Kicsit. Pihenni.<\/p>\n<p>Sz\u00f3val, akkor menj\u00fcnk sz\u00e9pen sorban.<\/p>\n<p>V\u00e9rt pisilve, kurva sok lemond\u00e1ssal, fogcsikorgat\u00e1ssal \u00e9s esetenk\u00e9nti sikoltoz\u00e1ssal ugye, de meglett az a tetves diploma (<i>tr\u00e8s honorable<\/i>, hogy Anya is \u00f6r\u00fclj\u00f6n). Azt\u00e1n meg a feh\u00e9rzaj.<br \/>\nPersze, mivel annak a dr\u00e1ga, csod\u00e1latos, \u00e9letad\u00f3 d\u00f6gnek semmi sem el\u00e9g j\u00f3, term\u00e9szetesen menjek tov\u00e1bb mesterk\u00e9pz\u00e9sre, onnan meg doktor\u00e1lni. Ahogy ismerem, a k\u00f6vetkez\u0151 l\u00e9p\u00e9s \u00fagyis az lett volna, hogy r\u00e1dobhatok ugyan h\u00fasz \u00e9v tanul\u00e1s ut\u00e1n m\u00e9g n\u00e9gyet egy karrierre, de ha k\u00f6zel\u00edt a harminc, akkor meg m\u00e1r unoka is kellene \u00e9s am\u00fagy is \u00fari huncuts\u00e1g ez egy n\u0151nek.<br \/>\nTeh\u00e1t, m\u00e9g k\u00e9t \u00e9v a Mester, azut\u00e1n m\u00e9g h\u00e1rom \u00e9v a Doktor \u00e9s ha annyira b\u00e9na voltam, hogy ezalatt nem siker\u00fcl leakasztanom egy term\u00e9szetesen j\u00f3l keres\u0151 faszit, aki eltart mindkett\u0151nket \u00e9s m\u00e9g egy-h\u00e1rom k\u00f6lk\u00f6t is, akkor az\u00e9rt eln\u00e9zi, ahogy elboh\u00f3ckodok, de ne h\u00fazzam sok\u00e1ig.<\/p>\n<p>Ja, nem is n\u00e9gy \u00e9v, csak h\u00e1rom van a faszkeres\u00e9sre.<br \/>\nHa m\u00e1r egyet elcsesztem azzal, hogy halasztok.<br \/>\nHa most k\u00f6zl\u00f6m vele, hogy lehet, egy\u00e1ltal\u00e1n nem tanulok tov\u00e1bb, akkor kit\u00e9r a hit\u00e9b\u0151l.<\/p>\n<p>Ok\u00e9, na! Norm\u00e1lis nyaral\u00e1s helyett mel\u00f3, hogy meg tudjak pattanni otthonr\u00f3l, Any\u00e1m hisztijei, \u00e9rzelmi zsarol\u00e1sok \u00e9s a s\u00f6t\u00e9t j\u00f6v\u0151m min\u00e9l \u00e9rz\u00e9kletesebb le\u00edr\u00e1sa. Ebben mondjuk nem t\u00e9vedett sokat, de nem \u00fagy \u00e9s nem az\u00e9rt. Apu szok\u00e1s szerint egy er\u00e9lytelen p\u00f6cs l\u00e1tszata m\u00f6g\u00f6tt csin\u00e1lja \u00fagyis azt, amit \u0151 akar \u00e9s szerencs\u00e9re ezt kiterjesztette r\u00e1m is. Ha m\u00e1r megtan\u00edtani nem tudta. Vagy nem akarta? Igen, ez el\u00e9g logikus, \u00edgy ut\u00f3lag.<br \/>\nH\u00e1l\u00e1s vagyok az\u00e9rt neki, hogy lenyugtatta a s\u00e1rk\u00e1nyt \u00e9s b\u00e1r ritka szarul s\u00fclt el minden tekintetben, de voltak\u00e9ppen \u0151szint\u00e9n kedves aj\u00e1nd\u00e9k volt a kar\u00e1csonyi s\u00edel\u00e9s is.<\/p>\n<p>Courchevel. Ugh!<br \/>\nMit mondhatn\u00e9k, hogy ne legyek egy h\u00e1l\u00e1tlan kis ribanc?<br \/>\nApu nem sp\u00f3rolt, t\u00e9nyleg megadta a m\u00f3dj\u00e1t, hogy elismerje a diplom\u00e1mat.<br \/>\nH\u00f4tel Saint Roch &#8211; \u00f6t csillagos kibaszott luxus, csod\u00e1s szoba, isteni kaj\u00e1k! Az id\u0151j\u00e1r\u00e1s is teljesen j\u00f3 volt, a p\u00e1ly\u00e1k is fantasztikusak, a kiszolg\u00e1l\u00e1s els\u0151oszt\u00e1ly\u00fa.<br \/>\nNa, ezzel el is mondtam mindent, ami j\u00f3 volt.<\/p>\n<p>Nicole eleve h\u00fazta a sz\u00e1j\u00e1t, mert ink\u00e1bb a Baham\u00e1kra akart utazni \u00e9s naponta legal\u00e1bb egyszer kihangs\u00falyozta, hogy csak miattam van ott. Persze, miattam. H\u00fclye kurva!<br \/>\nPatrice meg \u00fagy viselkedett, mintha nem \u0151 is az apja p\u00e9nz\u00e9t k\u00f6lten\u00e9, minden egyes rohadt eur\u00f3t h\u00e1romszor is a fog\u00e1hoz vert, miel\u0151tt kiadta volna. Ha Apu nem adja oda az arany AmEx-et, akkor nagy szarban is lettem volna, ha b\u00e1rmit akarok mondjuk enni azon k\u00edv\u00fcl, ami a szob\u00e1hoz j\u00e1r. A seggfej!<br \/>\nAz \u00f6t\u00f6dik napon siker\u00fclt r\u00e1juk nyitnom Nicole szob\u00e1j\u00e1ban, mik\u00f6zben a tus alatt tolt\u00e1k er\u0151b\u0151l az an\u00e1lt, az a b\u00fcd\u00f6s kurva meg \u00fagy vis\u00edtott, mint a kar\u00e1csonyi malac a d\u00f6f\u00e9s el\u0151tt. Meg\u00e9rdemlik egym\u00e1st, rem\u00e9lem ronda \u00e9s k\u00f6v\u00e9r gyerekeik lesznek. Mondjuk an\u00e1l mellett sanszos, hogy nem.<\/p>\n<p>Ahelyett, hogy bebasztam volna k\u00f6z\u00e9j\u00fck egy keny\u00e9rpir\u00edt\u00f3t, sz\u00e9pen csendben t\u00e1voztam ink\u00e1bb.<br \/>\nAzt\u00e1n megittam egy\u2026 n\u00e9gy dupla platina Johnnie Walker-t a b\u00e1rban, ler\u00e1ztam egy negyvenes angol faszit, aki minden\u00e1ron meg akart dugni \u00e9s elindultam s\u00edelni. Egyed\u00fcl. \u00c9jszaka.<\/p>\n<p>Az egyszer\u0171bb persze az lett volna, ha nagy sebess\u00e9ggel beleszakadok egy csoport feny\u0151be vagy kit\u00f6r\u00f6m a nyakam valahol, de persze nem ez t\u00f6rt\u00e9nt. Hogy mi, arr\u00f3l fogalmam sincs.<br \/>\nEml\u00e9kszem valami \u00e9les, feh\u00e9r f\u00e9nyre. Azt hittem, hogy helikopter reflektora \u00e9s engem keresnek, vagy valaki m\u00e1st, aki elt\u0171nt. Azt\u00e1n a nagy semmi. Apr\u00f3s\u00e1gok. Hideg, f\u00e9m vizsg\u00e1l\u00f3asztal. Feh\u00e9r maszkos, k\u00f6penyes alakok s\u00fcrg\u00f6l\u0151dnek k\u00f6r\u00fcl\u00f6ttem. Nem tudok mozdulni, mik\u00f6zben arra gondolok, hogy basszus, t\u00e9nyleg siker\u00fclt fejjel mennem valami f\u00e1nak \u00e9s itt halok meg.<\/p>\n<p>Fogalmam sincs. Tal\u00e1n ne is legyen. Pedig \u00e9rzem, hogy rengeteg dolog t\u00f6rt\u00e9nt m\u00e9g \u00e9s rengeteg id\u0151 telt el \u00e9s azt is \u00e9rzem, hogy szart sem \u00e9rek az elz\u00e1rk\u00f3z\u00e1ssal, el\u0151bb-ut\u00f3bb el\u0151 fog j\u00f6nni minden. Szinte minden. Azt mondj\u00e1k.<\/p>\n<p>Az els\u0151 k\u00e9p, amire eml\u00e9kszem, hogy anyasz\u00fclt meztelen menetelek egy rak\u00e1s m\u00e1sik emberrel \u00f6sszel\u00e1ncolva a nyakunkn\u00e1l fogva \u00e9s az apr\u00f3, \u00fcvegszer\u0171 kavics az \u00faton v\u00e1gja a talpamat. Ami tot\u00e1lisan sz\u00fcrke \u00e9s enyh\u00e9n gumiszer\u0171. Ennyit a szol\u00e1riumra feleslegesen kiadott sz\u00e1zasokr\u00f3l. Fura emberek \u00e9s m\u00e9g fur\u00e1bb emberszer\u0171 l\u00e9nyek verekednek \u00f6ssze a legfur\u00e1bb nem-emberszer\u0171 l\u00e9nyekkel, lev\u00e1gott v\u00e9gtagok \u00e9s s\u00f6t\u00e9tz\u00f6ld v\u00e9r sz\u00e1ll a leveg\u0151ben, azt\u00e1n lehullanak a l\u00e1ncok \u00e9s menetel\u00fcnk, menek\u00fcl\u00fcnk egy term\u00e9szetellenesen fekete erd\u0151n kereszt\u00fcl.<br \/>\nLassan, de biztosan t\u00f3dulnak a k\u00e9rd\u00e9sek &#8211; hogy ker\u00fcltem ide, hol van az az itt, milyen messze lehetek az Alpokt\u00f3l, ha puc\u00e9ran is csak alig f\u00e1zok, akkor nem lehet kevesebb huszonh\u00e9t-nyolc fokn\u00e1l, mi\u00e9rt sz\u00fcrke a kezem \u00e9s a l\u00e1bam, ki volt az, aki teljesen sz\u0151rtelen\u00edtett \u00e9s egy\u00e1ltal\u00e1n mi\u00e9rt? Ja, \u00e9s hova a kurva \u00e9letbe lett az \u00f6sszes hajam \u00e9s a szem\u00f6ld\u00f6k\u00f6m?<br \/>\nDe csak hallgatok \u00e9s figyelek. A vez\u00e9rnek t\u0171n\u0151 feh\u00e9rhaj\u00fa faszi r\u00f6viden \u00e9s vel\u0151sen k\u00f6zli a t\u00e9ny\u00e1ll\u00e1st: titeket elraboltak a T\u00fcnd\u00e9rek, most szabadok vagytok, mehettek balra a rabs\u00e1g, jobbra az ismeretlen vagy velem a szabads\u00e1g fel\u00e9. Ennyi, cs\u00f3kolom!<br \/>\nMaradok a seggemen, akkor is, amikor egy h\u00edn\u00e1rhaj\u00fa picsa elveszi mell\u0151lem a fura l\u00e1ndzs\u00e1t, ami fogalmam sincs, hogyan \u00e9s mikor ker\u00fclt hozz\u00e1m. Akkor is, amikor a sz\u00f3 szerint vill\u00e1ml\u00f3 szem\u0171 csaj odaj\u00f6n hozz\u00e1m, a kezembe nyom valami te\u00e1t \u00e9s k\u00e9rdezgetni kezd, hogy mi a nevem, mire eml\u00e9kszem, hogy \u00e9rzem magam. Amikor b\u0151gni kezdek, akkor meg csak \u00e1t\u00f6lel \u00e9s a h\u00e1tamat simogatja \u00e9s azt mondja, egyszer rendben lesz minden. Nem tudja, hogy m\u00e9g hallom, amikor t\u00e1vozt\u00e1ban hozz\u00e1teszi &#8222;rem\u00e9lem&#8221;.<\/p>\n<p>Hajnalban m\u00e1r csak a csoport negyede megy tov\u00e1bb az erd\u0151ben, a t\u00f6bbiek az \u00e9jszaka elindultak a maguk \u00fatj\u00e1n. Volt \u00e1ll\u00edt\u00f3lag valami vereked\u00e9s is hajnalban, meg tal\u00e1n egy kiv\u00e9gz\u00e9s is? Ut\u00f3lag megvan a sztori, hiszen elmes\u00e9lt\u00e9k, de \u00e9n nem eml\u00e9kszem semmire bel\u0151le. Az erd\u0151b\u0151l \u00e9s a langyos melegb\u0151l t\u00fal hirtelen \u00e9s t\u00fal f\u00e1jdalmas a v\u00e1lt\u00e1s a vas\u00fati rakt\u00e1r fagyos betonpadl\u00f3j\u00e1ra. Meg sem merem k\u00e9rdezni, hogyan \u00e9s mi\u00e9rt, csak k\u00f6rbetekerem magamon az \u00e9rdes pokr\u00f3cot \u00e9s bekuporodok \u00e9n is a remeg\u0151 csoportba a kattogva z\u00fcmm\u00f6g\u0151 h\u0151sug\u00e1rz\u00f3k k\u00f6z\u00e9. El is nyomhatott az \u00e1lom egy-k\u00e9t \u00f3r\u00e1ra, mert m\u00e1r csak arra \u00e9bredtem, hogy Trixie (vill\u00e1mszem\u0171) r\u00e1zogatja a v\u00e1llam, hogy menjek \u00e9n is a kupac ruh\u00e1b\u00f3l \u00f6lt\u00f6zk\u00f6dni \u00e9s egyek valamit. \u00c9s boldog kar\u00e1csonyt!<\/p>\n<p>Ekkor b\u0151gtem el magam megint, hiszen elk\u00e9pzelhetetlen, hogy csak k\u00e9t nap telt volna el!<br \/>\nDe nincs id\u0151 magammal foglalkozni azon t\u00fal, hogy a bugyi sz\u00e1raz, a sportmelltart\u00f3 k\u00e9nyelmes, a Mot\u00f6rhead p\u00f3l\u00f3 t\u00fal nagy, h\u00e1rmat hajtok a farmer sz\u00e1r\u00e1n \u00e9s f\u00e9l sz\u00e1mmal biztos kisebb ez a Converse. Vannak rajtunk k\u00edv\u00fcl m\u00e9g gyerekek is, akik sokkal elveszettebbek (<em>haha!<\/em>) \u00e9s szerencs\u00e9tlenebbek, mint mi, t\u00f6bbiek. A fekete pr\u00e9mes arc\u00fa, a kosszarv\u00fa, a homokszobor, a templomi angyal, a v\u00edzk\u00f6p\u0151, a pengekez\u0171, a vill\u00e1mhaj\u00fa, a kigy\u00f3b\u0151r\u0171\u2026 el\u0151re rettegtem att\u00f3l, hogy valahonnan el\u0151ker\u00fcl egy t\u00fck\u00f6r is \u00e9s megl\u00e1tom, hogy \u00e9n hogy n\u00e9zek ki val\u00f3j\u00e1ban. M\u00e1r ha nem valami drogos after ez az eg\u00e9sz vagy valami extr\u00e9m kibasz\u00f3sdi \u00fatban a Pokol fel\u00e9.<\/p>\n<p>Mindegy. Nem az volt. Vagy m\u00e9g mindig az.<\/p>\n<p>K\u00e9t h\u00f3nap telt el \u00e9s valahol m\u00e9g mindig nem t\u00e9rek magamhoz. Vagy nem t\u00f6rt\u00e9nik semmi \u00e9s van egy kev\u00e9s id\u0151m b\u0151gni, meg azon r\u00e1g\u00f3dni, hogy most akkor mi a fasz van, mi a fasz lesz? Vagy esem\u00e9ny van \u00e9s akkor csin\u00e1lom a csin\u00e1l\u00e1st a k\u00e9rd\u00e9sekkel meg r\u00e1\u00e9r\u00fcnk k\u00e9s\u0151bb foglalkozni.<\/p>\n<p>T\u00fal sok az ismeretlen ember\u2026 na igen, voltak\u00e9ppen &#8222;ember&#8221; vagy mi.<br \/>\nSz\u00f3val, t\u00fal sok az inform\u00e1ci\u00f3, az odafigyelni \u00e9s biztosan megjegyeznival\u00f3 \u00e9s a fenyegetetts\u00e9g, hogy versenyz\u00fcnk a hal\u00e1lsoron, mert a megpr\u00f3b\u00e1ltat\u00e1sok m\u00e9g mindig nem \u00e9rtek v\u00e9get\u2026<br \/>\nEg\u00e9sz egyszer\u0171en nincs id\u0151 meg\u00e1llni \u00e9s \u00e1tgondolni mindent \u00e9s semmit sem, csak \u00f6szt\u00f6nb\u0151l, zsigerb\u0151l megy az igen \u00e9s a nem, n\u00e9ha egy kis tal\u00e1n. K\u00fcl\u00f6nben becsavarodsz, vagy megtopansz \u00e9s nem tudsz l\u00e9pni tov\u00e1bb akkor sem, ha arr\u00e9bb k\u00e9ne \u00e1llni a lez\u00fadul\u00f3 szikl\u00e1k \u00fatj\u00e1b\u00f3l.<\/p>\n<p>Nekem csak az dobogott v\u00e9gig az agyamban, hogy janu\u00e1r negyedike van \u00e9s nekem hetedik\u00e9n j\u00f6n vissza a vonatom P\u00e1rizsba. Mert volt egy jegyem. Meg egy kret\u00e9n bar\u00e1tom, meg egy hamis bar\u00e1tn\u0151m. \u00c9s azt sem tudom, hogy keresnek-e vagy egy\u00e1ltal\u00e1n, ki j\u00f6n vissza az \u00e9n jegyemmel hetedik\u00e9n? Mert Apu hangja vid\u00e1m volt, amikor felh\u00edvtam \u00e9s csak arr\u00f3l k\u00e9rdezgetett, hogy ugye minden rendben \u00e9s k\u00e9nyelmesen vagyok \u00e9s nem szenvedek hi\u00e1nyt semmiben? Csak nem lehetnek ekkora rohad\u00e9kok, hogy egy sz\u00f3t sem sz\u00f3lnak napokig a sz\u00fcleimnek\u2026<\/p>\n<p>Persze lehettek volna, ak\u00e1r. De ez m\u00e1r soha nem der\u00fcl ki.<br \/>\nT\u00fal k\u00e9nyelmesen s\u00edmult a kezembe az edzett taktikai k\u00e9s, t\u00fal sim\u00e1n szedtem sz\u00e9t \u00e9s raktam \u00fajra \u00f6ssze a pisztolyt, t\u00fal egyszer\u0171en vagyok senki a t\u00f6megben, t\u00fal k\u00e9zenfekv\u0151 volt azt a valamit, aki az \u00e9n ruh\u00e1mat viselte az \u00e9n piros kab\u00e1tom alatt, az \u00e9n b\u0151r\u00f6nd\u00f6mbe csomagolt \u00f6ssze \u00e9s az \u00e9n jegyemmel utazott haza, egyszer\u0171en bel\u00f6kni abba a WC-be \u00e9s addig d\u00f6fni v\u00e1gni \u00e9s sz\u00farni, am\u00edg recseg\u0151-ropog\u00f3, feny\u0151gallyakb\u00f3l \u00f6sszefont b\u00e1b\u00fav\u00e1 v\u00e1ltozik a hullamerevs\u00e9gben.<br \/>\nUt\u00e1na m\u00e1r pihek\u00f6nny\u0171 feladat volt felkapni a kab\u00e1tot, visszamenni az \u00fcl\u00e9sig \u00e9s a k\u00e9t faszarc \u00e9rtetlen arc\u00e1nak l\u00e1tv\u00e1ny\u00e1n r\u00f6h\u00f6gni, mik\u00f6zben a TGV beg\u00f6rd\u00fclt a Gare De Lyon csarnok\u00e1ba.<br \/>\n\u00d6sszeszedtem a b\u0151r\u00f6ndjeimet, adtam k\u00e9t nagy csattan\u00f3s puszit Nicole arc\u00e1ra \u00e9s k\u00f6z\u00f6ltem Patrice-szal, hogy szak\u00edtottunk \u00e9s soha a b\u00fcd\u00f6s \u00e9letben nem akarom t\u00f6bb\u00e9 l\u00e1tni egyik\u00fcket sem. K\u00fcl\u00f6n \u00f6r\u00f6m volt, amikor Nicole d\u00f6bbenten habogva m\u00e9g megk\u00e9rdezte, hogy deh\u00e1t mi\u00e9rt? \u00c9n pedig nyugodtan, tagoltan ism\u00e9telhettem el a k\u00e9t tet\u0171 el\u0151tt, amit ez az ostoba kurva vis\u00edtott a zuhany alatt. Az a balfasz Patrice m\u00e9g ut\u00e1nam ny\u00falt, hogy elkapja a kab\u00e1tomat, de az addig nyugodtan szeml\u00e9l\u0151d\u0151 Dixie egyetlen mozdulattal t\u00f6rte el a csukl\u00f3j\u00e1t. \u00c9s m\u00e9g ottmaradt kicsit besz\u00e9lgetni, mik\u00f6zben Pat\u00e1s \u00e9s Vakond felkapt\u00e1k a csomagjaimat \u00e9s kedvesen r\u00e1ngattak, hogy m\u00e9g el\u00e9rj\u00fck a vonatot Lille fel\u00e9.<\/p>\n<p>F\u00fa, bazmeg!<br \/>\n1.600 sz\u00f3 \u00e9s egyr\u00e9szt a fel\u00e9t sem \u00edrtam le annak, amit akartam, de a negyed\u00e9t sem annak, ami t\u00f6rt\u00e9nt. Szerintem nem is nagyon akarom, de az\u00e9rt majd folyt. k\u00f6v.<\/p>\n","protected":false},"excerpt":{"rendered":"<p>Redves Napl\u00f3m! V\u00e9gre van egy szusszan\u00e1snyi id\u0151m magamra is, hogy \u00f6sszeszedjem a gondolataimat. El\u0151re tudom, hogy nem fog siker\u00fclni. Csak sodr\u00f3dok az esem\u00e9nyekkel hetek \u00f3ta. H\u00f3napok. Mindegy. Le\u00edrtam. Hazugs\u00e1g volt. Kit\u00f6r\u00f6ltem. Az\u00e9rt le\u00edrom \u00fajra: &#8222;Ha tudtam volna, hogy mi t\u00f6rt\u00e9nik velem, ink\u00e1bb kihagyom Courchevel-t\u2026&#8221; Az van, hogy egyr\u00e9szt m\u00e9g mindig nem tudom pontosan, hogy egy\u00e1ltal\u00e1n [&hellip;]<\/p>\n","protected":false},"author":2,"featured_media":0,"comment_status":"open","ping_status":"open","sticky":false,"template":"","format":"standard","meta":{"footnotes":""},"categories":[1],"tags":[23,28,24],"class_list":["post-573","post","type-post","status-publish","format-standard","hentry","category-autre","tag-blog","tag-catherine","tag-confidentiel"],"_links":{"self":[{"href":"https:\/\/blog.icwt.hu\/ctl-paris\/wp-json\/wp\/v2\/posts\/573","targetHints":{"allow":["GET"]}}],"collection":[{"href":"https:\/\/blog.icwt.hu\/ctl-paris\/wp-json\/wp\/v2\/posts"}],"about":[{"href":"https:\/\/blog.icwt.hu\/ctl-paris\/wp-json\/wp\/v2\/types\/post"}],"author":[{"embeddable":true,"href":"https:\/\/blog.icwt.hu\/ctl-paris\/wp-json\/wp\/v2\/users\/2"}],"replies":[{"embeddable":true,"href":"https:\/\/blog.icwt.hu\/ctl-paris\/wp-json\/wp\/v2\/comments?post=573"}],"version-history":[{"count":0,"href":"https:\/\/blog.icwt.hu\/ctl-paris\/wp-json\/wp\/v2\/posts\/573\/revisions"}],"wp:attachment":[{"href":"https:\/\/blog.icwt.hu\/ctl-paris\/wp-json\/wp\/v2\/media?parent=573"}],"wp:term":[{"taxonomy":"category","embeddable":true,"href":"https:\/\/blog.icwt.hu\/ctl-paris\/wp-json\/wp\/v2\/categories?post=573"},{"taxonomy":"post_tag","embeddable":true,"href":"https:\/\/blog.icwt.hu\/ctl-paris\/wp-json\/wp\/v2\/tags?post=573"}],"curies":[{"name":"wp","href":"https:\/\/api.w.org\/{rel}","templated":true}]}}