{"id":501,"date":"2021-05-02T13:59:25","date_gmt":"2021-05-02T12:59:25","guid":{"rendered":"https:\/\/blog.icwt.hu\/ctl-paris\/?p=501"},"modified":"2021-05-27T21:01:03","modified_gmt":"2021-05-27T20:01:03","slug":"mblog-2005-02","status":"publish","type":"post","link":"https:\/\/blog.icwt.hu\/ctl-paris\/2021\/05\/02\/mblog-2005-02\/","title":{"rendered":"Michel \u2022 Blog &#8211; 2005\/02"},"content":{"rendered":"<p>2005. febru\u00e1r \/ 1. bejegyz\u00e9s<\/p>\n<p>Amikor v\u00e9gre \u00f6sszeszedem magam, \u00e9s kis\u00f6pr\u00f6k egy hajtincset a homlokb\u00f3l, majdnem lefordulok a sz\u00e9kr\u0151l. A szellemi er\u0151fesz\u00edt\u00e9s megviselt, \u00e9s m\u00e9g csak \u00e9szre sem vettem az izgalomt\u00f3l, pedig \u00e9n csak statiszta voltam, meg L1 helpdesk. Igaz, n\u00e9gy p\u00e9ld\u00e1nyban.<\/p>\n<p>A m\u00e1gikusan megsokszorozott sameszok egyike kik\u00eds\u00e9ri Oph\u00e9lie-t, aki egy val\u00f3di der\u00e9ksz\u00edjas mel\u00f3t k\u00e9pes volt kock\u00e1ra tenni az\u00e9rt, mert nem tudja az orrpiszk\u00e1l\u00f3j\u00e1t t\u00e1vol tartani az els\u00fct\u0151billenty\u0171t\u0151l.\u00a0Ok\u00e9, ez nem fair a r\u00e9szemr\u0151l, \u00e9n sem \u00e9rtek hozz\u00e1 \u2013 teszem hozz\u00e1, nem is ez\u00e9rt fizetnek. Oph\u00e9lie, a roueni elcser\u00e9ltek d\u00edsze, megk\u00f6nnyebb\u00fcltnek \u00e9s el\u00e9gedettnek t\u0171nik. Barbara, a frissiben \u00faj\u00edtott tart\u00f3tisztje, lecsap az apr\u00f3s\u00fctire a t\u00e1rgyal\u00f3ban.<\/p>\n<p>Hell\u00f3, a nevem Michel, \u00e9s ez itt a Jackass. Jacquasse.<br \/>\nTarts velem a Saint Denis-i Szabad\u00edtm\u00e1ny \/ Alap\u00edtv\u00e1ny \/ Dafuq mindennapi kalandjain.<\/p>\n<p>Ha arra vagy k\u00edv\u00e1ncsi, mi van a madarakkal meg a m\u00e9hekkel meg az Elcser\u00e9ltekkel, akkor lapozz tov\u00e1bb b\u00e1tran, arra vannak jobban k\u00e9pzett el\u0151ad\u00f3k.<br \/>\n(Amikor egy T\u00fcnd\u00e9r nagyon szeretne egy Embert\u2026 mindegy, hagyjuk, szar volt.)<\/p>\n<p>Hadd mutassam be a t\u00e1rsaimat.<\/p>\n<p>Barbara, aki \u00e9pp mag\u00e1t\u00f3l \u00e9rtet\u0151d\u0151 m\u00f3don gy\u0151zi le a s\u00fctit, sz\u0151ke \u00e9s csinos, \u00e9s sosem lehet pontosan tudni, hogy igazat mond-e, mindenesetre igen meggy\u0151z\u0151en adja el\u0151. V\u00e1ltozatos elk\u00f6vet\u00e9si m\u00f3dokban is j\u00e1ratos, de sikerrel birk\u00f3zott m\u00e1r meg nemzetk\u00f6zi t\u00e1rgyal\u00e1ssal is. T\u00f6bbsz\u00f6r kider\u00fclt m\u00e1r, hogy ak\u00e1rmilyen val\u00f3sz\u00edn\u0171tlen a sztori, amit el\u0151ad, sz\u00f3 szerint igaz, nem valami szimbolikus \u00e9rtelemben. M\u00e9g szolg\u00e1lati fegyvere \u00e9s rend\u0151rigazolv\u00e1nya is van. Hi\u00e1ba tudtuk r\u00f3la, hogy nemzetk\u00f6zi \u00e9rtelemben vett csal\u00f3, n\u00e1la hagytuk a csapat p\u00e9nz\u00e9t, \u00e9s megvolt a v\u00e9g\u00e9n az \u00f6sszes, ezt add \u00f6ssze. Enigma, rejt\u00e9ly, becsomagolva egy adag titokba. Element\u00e1l am\u00fagy.<\/p>\n<p>A szomsz\u00e9d szob\u00e1ban az orvosi k\u00f6penyben a v\u00e1llas h\u00f6lgy Franky, aki m\u00e9g az utols\u00f3 Nagy H\u00e1bor\u00fa idej\u00e9n ker\u00fclt eltulajdon\u00edt\u00e1sra, de k\u00fcls\u0151leg eg\u00e9sz j\u00f3l viseli az egyir\u00e1ny\u00fa id\u0151utaz\u00e1s mell\u00e9khat\u00e1sait. A franci\u00e1t er\u0151teljes n\u00e9met akcentussal besz\u00e9li, viszont hi\u00e1ba r\u00e9gies kicsit, jobb nyelvtannal besz\u00e9l, mint \u00e9n. (Perelj be, nem figyelek mindig oda.) Orvos volt \u00e9s kutat\u00f3, most, ennyi id\u0151vel k\u00e9s\u0151bb, k\u00e9nytelen lejjebb adni a preszt\u00edzsb\u0151l. Am\u00fagy kim\u00e9ra, \u00e9s olyat \u00fct, mint a buszker\u00e9k. Az orvosi esk\u00fcj\u00e9t a brut\u00e1lhent k\u00f6zelharci k\u00e9pess\u00e9gei ellen\u00e9re igen komolyan veszi. Amikor r\u00e1m n\u00e9z az irattart\u00f3 f\u00f6l\u00f6tt, mindig megfogadom, hogy vigy\u00e1zok a koleszterinemmel.<\/p>\n<p>A recepci\u00f3n a paszi\u00e1nsszal k\u00fczd\u0151, unott n\u00e9ger csaj Abira, ex-gyerekkatona, akit \u00c1rk\u00e1di\u00e1b\u00f3l visszafel\u00e9 a Szabad\u00edtm\u00e1ny k\u00f6zel\u00e9ben rakott le a j\u00f3 szerencse. Akkor annyira nem voltunk olyan helyzetben, hogy v\u00e1logathassunk, \u00e9s nem is b\u00e1ntuk meg. Az\u00f3ta kider\u00fclt r\u00f3la, hogy \u00e9rdekli az okkult \u00e9s a f\u0171szern\u00f6v\u00e9nyek (nagyobb az \u00e1tfed\u00e9s, mint gondoltam volna), volt v\u00e9rd\u00edj a fej\u00e9n (m\u00e1r nincs), boldogul a S\u00f6v\u00e9nyben \u00e9s P\u00e1rizsban is, \u00e9rt a l\u00f6v\u00e9szethez \u00e9s a k\u00f6zelharchoz, \u00e9s nem t\u00e9tov\u00e1zik, ha valakit arcba kell tenyerelni. J\u00f3l is megy neki, mert p\u00e1rduc.<\/p>\n<p>Jasmine nemr\u00e9g csatlakozott hozz\u00e1nk, kev\u00e9s der\u00fclt ki r\u00f3la azon k\u00edv\u00fcl, hogy szerinte id\u0151vel mindmeghalunk, j\u00f3l motorozik, \u00e9s hogy \u0151 is k\u00e9pes megjelenni egy k\u00f6zepesen fontos nemzetk\u00f6zi m\u00edtingen an\u00e9lk\u00fcl, hogy h\u00fcly\u00e9t csin\u00e1lna mag\u00e1b\u00f3l. K\u00e1b\u00e9 elfogadtuk, hogy vel\u00fcnk l\u00f3g. (\u00c9n speciel kicsit k\u00ednosan \u00e9rzem magam a testv\u00e9re miatt, ez tuti bej\u00e1tszik.) De van egy olyan \u00e9rz\u00e9sem, hogy ha megr\u00e1zza mag\u00e1t, az eml\u00e9kezetes lesz.<\/p>\n<p>G\u00e9rard \u2013 aki a ravaszdi k\u00e9p\u0171 roueni \u00f6regurat k\u00eds\u00e9ri az ajt\u00f3ig, \u00e9rzelemmentes udvariass\u00e1ggal \u2013 \u00e9ppen elk\u00f6vet\u00e9s k\u00f6zben pottyant a nyakunkba. R\u00f3la tudni a legkevesebbet, de biztos, hogy nem szolg\u00e1lja tudatosan a M\u00e1sokat, j\u00f3l b\u00e1nik az offenz\u00edv inform\u00e1ci\u00f3biztons\u00e1gi eszk\u00f6z\u00f6kkel, \u00e9s eg\u00e9sz sok\u00e1ig hajland\u00f3 v\u00e1rni, am\u00edg v\u00e9lem\u00e9nyt nyilv\u00e1n\u00edt. Teal\u2019c jut r\u00f3la eszembe. Nem akar r\u00e9szt olyan zs\u00e1km\u00e1nyb\u00f3l, ami\u00e9rt nem dolgozott meg, ez alapb\u00f3l szimpatikuss\u00e1 teszi. Majd m\u00e9g megl\u00e1tjuk, mire jutunk egym\u00e1ssal.<\/p>\n<p>A t\u00e1rgyal\u00f3ban elv\u00e1lik a falt\u00f3l Sz\u00fcrke, aki nem jellegtelen, de n\u00e9ha m\u00e9g akkor is elfeledkezel r\u00f3la, amikor m\u00e9g a szob\u00e1ban van.<\/p>\n<p>Vakonddal f\u00e1radtan \u00f6sszevigyorgunk. A ny\u00fczsg\u0151 iroda l\u00e1tszat\u00e1t kelteni f\u00e1raszt\u00f3 mulats\u00e1g volt, ak\u00e1r csak f\u00e9l \u00f3r\u00e1ig is. Ha a menedzsment megtudja, vicceskedik Vakond, ez lesz a norma. A menedzsment egy\u00e9bk\u00e9nt el\u00e9gedettnek t\u0171nik: sok embert mozgattak meg ez\u00e9rt a kis sz\u00ednj\u00e1t\u00e9k\u00e9rt, \u00e9s ak\u00e1rmilyen bonyolult is volt a m\u0171velet, kisebb par\u00e1kt\u00f3l eltekintve hib\u00e1tlanul lement.<\/p>\n<p>\u2026ja, hogy \u00e9n ki vagyok?<br \/>\nK\u00f6tve hiszem, hogy elfogulatlan lenn\u00e9k a k\u00e9rd\u00e9sben. \u00d6ndics\u00e9ret am\u00fagy is b\u00fcd\u00f6s.<\/p>\n<p>A hivatalos sztori az volt, hogy Oph\u00e9lie szeg\u00e9nyk\u00e9m m\u00e1r nem el\u0151sz\u00f6r viselkedik dinamikusabban ann\u00e1l, ami a szolg\u00e1lati szab\u00e1lyzat szerint elfogadhat\u00f3, ez\u00e9rt most beh\u00edvt\u00e1k P\u00e1rizsba egy kis lecsesz\u00e9sre \/ orient\u00e1ci\u00f3s elbesz\u00e9lget\u00e9sre. Mi m\u00e1r tal\u00e1lkoztunk Oph\u00e9lie-\u00e9kkel, amikor m\u00e1s \u00fcgyb\u0151l kifoly\u00f3lag \u00e9pp egy vonaton utaztunk, \u0151ket pedig let\u00e1madta egy ismeretlen harmadik f\u00e9l. (Mi elterelt\u00fck az \u00fatb\u00f3l a civileket, \u00e9s elloptuk Oph\u00e9lie-\u00e9k csomagj\u00e1t, h\u00e1tha tal\u00e1lunk benne valami \u00e9rdekeset, de v\u00e9g\u00fcl nem tudtuk kinyitni.) Val\u00f3j\u00e1ban nagyjaink m\u00e1r elsik\u00e1lt\u00e1k a dolgokat, \u00e9s most egy fed\u0151c\u00e9gen kereszt\u00fcl megismertett\u00e9k Barbar\u00e1val, aki mostant\u00f3l a tart\u00f3tisztje.<\/p>\n<p>Barbara felhaszn\u00e1lta az alkalmat, hogy visszaadja a csomagot. A roueniek, akik k\u00eds\u00e9rt\u00e9k, felhaszn\u00e1lt\u00e1k az alkalmat, hogy felnyomj\u00e1k a v\u00e9dtelenebb v\u00e9gpontokat, \u00e9s megfert\u0151ztess\u00e9k magukat egy figyelmeztet\u0151 jelleg\u0171 malware-rel. \u00dcps. Valaki ez\u00e9rt nem lesz megdics\u00e9rve a fest\u0151i Rouenben.<\/p>\n<p>Hogy a roueniek mit l\u00e1ttak a kis elterel\u00e9s\u00fcnkb\u0151l? T\u00f6k\u00f6m tudja. Lehet, hogy szakmaibb lett volna egyszer\u0171en beengedni \u0151ket egy \u00fcres szob\u00e1ba, vagy olyasmit telep\u00edteni, ami nem besz\u00e9l, csak lop, de annak is van \u00fczenet\u00e9rt\u00e9ke, hogy tudunk kicsinyesek lenni, ha \u00fagy ad\u00f3dik.<\/p>\n<p>Na, ennyit a mai napr\u00f3l, a jutalomlakoma is elfogyott, \u00e9s \u00e9n is \u00fagy n\u00e9zek ki, \u00e9s Barbara is \u00fagy n\u00e9z ki, mint akinek sz\u00f3rakoztat\u00f3 felfednival\u00f3ja van. A t\u00f6bbiekhez fordulok, az arcomon szarev\u0151 vigyor j\u00e1tszik.<\/p>\n<p>&#8211; Eddig istenien megy, nem? Sr\u00e1cok, m\u00e9g j\u00f3l \u00e9lj\u00e9tek \u00e1t az el\u00e9gedetts\u00e9get, mert van egy kisebb probl\u00e9m\u00e1m\u2026<\/p>\n","protected":false},"excerpt":{"rendered":"<p>2005. febru\u00e1r \/ 1. bejegyz\u00e9s Amikor v\u00e9gre \u00f6sszeszedem magam, \u00e9s kis\u00f6pr\u00f6k egy hajtincset a homlokb\u00f3l, majdnem lefordulok a sz\u00e9kr\u0151l. A szellemi er\u0151fesz\u00edt\u00e9s megviselt, \u00e9s m\u00e9g csak \u00e9szre sem vettem az izgalomt\u00f3l, pedig \u00e9n csak statiszta voltam, meg L1 helpdesk. Igaz, n\u00e9gy p\u00e9ld\u00e1nyban. A m\u00e1gikusan megsokszorozott sameszok egyike kik\u00eds\u00e9ri Oph\u00e9lie-t, aki egy val\u00f3di der\u00e9ksz\u00edjas mel\u00f3t k\u00e9pes [&hellip;]<\/p>\n","protected":false},"author":3,"featured_media":0,"comment_status":"open","ping_status":"open","sticky":false,"template":"","format":"standard","meta":{"footnotes":""},"categories":[1],"tags":[23,24,25],"class_list":["post-501","post","type-post","status-publish","format-standard","hentry","category-autre","tag-blog","tag-confidentiel","tag-michel"],"_links":{"self":[{"href":"https:\/\/blog.icwt.hu\/ctl-paris\/wp-json\/wp\/v2\/posts\/501","targetHints":{"allow":["GET"]}}],"collection":[{"href":"https:\/\/blog.icwt.hu\/ctl-paris\/wp-json\/wp\/v2\/posts"}],"about":[{"href":"https:\/\/blog.icwt.hu\/ctl-paris\/wp-json\/wp\/v2\/types\/post"}],"author":[{"embeddable":true,"href":"https:\/\/blog.icwt.hu\/ctl-paris\/wp-json\/wp\/v2\/users\/3"}],"replies":[{"embeddable":true,"href":"https:\/\/blog.icwt.hu\/ctl-paris\/wp-json\/wp\/v2\/comments?post=501"}],"version-history":[{"count":0,"href":"https:\/\/blog.icwt.hu\/ctl-paris\/wp-json\/wp\/v2\/posts\/501\/revisions"}],"wp:attachment":[{"href":"https:\/\/blog.icwt.hu\/ctl-paris\/wp-json\/wp\/v2\/media?parent=501"}],"wp:term":[{"taxonomy":"category","embeddable":true,"href":"https:\/\/blog.icwt.hu\/ctl-paris\/wp-json\/wp\/v2\/categories?post=501"},{"taxonomy":"post_tag","embeddable":true,"href":"https:\/\/blog.icwt.hu\/ctl-paris\/wp-json\/wp\/v2\/tags?post=501"}],"curies":[{"name":"wp","href":"https:\/\/api.w.org\/{rel}","templated":true}]}}